{"id":11481,"date":"2015-05-17T20:07:49","date_gmt":"2015-05-17T19:07:49","guid":{"rendered":"http:\/\/fegrama.cat\/web\/?p=11481"},"modified":"2015-05-17T20:07:49","modified_gmt":"2015-05-17T19:07:49","slug":"resum-dels-partits-de-les-escoles-16-i-17-de-maig","status":"publish","type":"post","link":"http:\/\/fegrama.cat\/web\/resum-dels-partits-de-les-escoles-16-i-17-de-maig\/","title":{"rendered":"Resum dels partits de les Escoles (16 i 17 de maig)"},"content":{"rendered":"<h1 itemprop=\"itemReviewed\" itemscope=\"\" itemtype=\"http:\/\/schema.org\/Thing\"><a style=\"font-size: 13px;\" href=\"http:\/\/fegrama.cat\/web\/wp-content\/uploads\/2014\/12\/ESCOLA-AFUNDACIO-GRAMA-SANTA-COLOMA1.jpg\"><img loading=\"lazy\" decoding=\"async\" class=\"aligncenter\" alt=\"ESCOLA AFUNDACIO GRAMA SANTA COLOMA\" src=\"http:\/\/fegrama.cat\/web\/wp-content\/uploads\/2014\/12\/ESCOLA-AFUNDACIO-GRAMA-SANTA-COLOMA1.jpg\" width=\"384\" height=\"288\" \/><\/a><\/h1>\n<div>\n<p style=\"text-align: left;\"><strong>ESCOLA \u201cA\u201d &#8211; CD Congr\u00e9s \/\/\u00a0<\/strong>L&#8217;equip rival no es va presentar;\u00a0aix\u00ed que els tres punts s&#8217;ho queden els colomencs.<\/p>\n<p><a href=\"http:\/\/fegrama.cat\/web\/wp-content\/uploads\/2013\/12\/ESCOLA-BFUNDACIO-GRAMA-SANTA-COLOMA.jpg\"><img loading=\"lazy\" decoding=\"async\" class=\"aligncenter\" alt=\"ESCOLA B,FUNDACIO GRAMA SANTA COLOMA\" src=\"http:\/\/fegrama.cat\/web\/wp-content\/uploads\/2013\/12\/ESCOLA-BFUNDACIO-GRAMA-SANTA-COLOMA.jpg\" width=\"640\" height=\"480\" \/><\/a><\/p>\n<p><strong>CF BUFAL\u00c0 \u00a00-11 \u00a0ESCOLA \u201cB\u201d<\/strong><\/p>\n<p>Partit molt ben jugat pels joves jugadors de la Fundaci\u00f3 Esportiva Grama. En tot moment van ser molt superiors al seu rival.<\/p>\n<p>Partido muy bien jugado por los j\u00f3venes jugadores de la Fundaci\u00f3 Esportiva Grama. En todo momento fueron muy superiores a su rival.<\/p>\n<p><a href=\"http:\/\/fegrama.cat\/web\/wp-content\/uploads\/2014\/10\/ESCOLA-CFUNDACIO-GRAMA-SANTA-COLOMA.jpg\"><img loading=\"lazy\" decoding=\"async\" class=\"aligncenter\" alt=\"ESCOLA C,FUNDACIO GRAMA SANTA COLOMA\" src=\"http:\/\/fegrama.cat\/web\/wp-content\/uploads\/2014\/10\/ESCOLA-CFUNDACIO-GRAMA-SANTA-COLOMA.jpg\" width=\"640\" height=\"480\" \/><\/a><\/p>\n<p><strong>BON PASTOR \u00a08-0 \u00a0ESCUELA \u201cC\u201d \u00a0<\/strong><\/p>\n<p>Mal partit de principi a fi, en cap moment els colomencs van crear perill ni van inquietar el rival i per aix\u00f2 van acabar perdent per golejada.<\/p>\n<p>Mal partido de principio a fin, en ning\u00fan momento los colomenses crearon peligro ni inquietaron al rival y por eso acabaron perdiendo por goleada.<\/p>\n<p><a href=\"http:\/\/fegrama.cat\/web\/wp-content\/uploads\/2015\/05\/montcadaescD.jpg\"><img loading=\"lazy\" decoding=\"async\" class=\"aligncenter size-full wp-image-11485\" alt=\"montcadaescD\" src=\"http:\/\/fegrama.cat\/web\/wp-content\/uploads\/2015\/05\/montcadaescD.jpg\" width=\"1040\" height=\"556\" \/><\/a><\/p>\n<p><strong>MONTCADA 8-1 ESCOLA \u201cD\u201d<\/strong><\/p>\n<p>Els m\u00e9s petits de la Fundaci\u00f3 Esportiva Grama van estar el dissabte disputant un partit amist\u00f3s per\u00f2 malauradament no van poder endur-se un resultat positiu. El m\u00e9s important \u00e9s que a poc a poc van millorant i cada dia s\u00f3n millors.<\/p>\n<p>Los m\u00e1s peque\u00f1os de la Fundaci\u00f3 Esportiva Grama estuvieron el s\u00e1bado disputando un partido amistoso pero desgraciadamente no pudieron llevarse un resultado positivo. Lo m\u00e1s importante es que poco a poco van mejorando y cada d\u00eda son mejores.<\/p>\n<\/div>\n","protected":false},"excerpt":{"rendered":"<p>ESCOLA \u201cA\u201d &#8211; CD Congr\u00e9s \/\/\u00a0L&#8217;equip rival no es va presentar;\u00a0aix\u00ed que els tres punts s&#8217;ho queden els colomencs. CF BUFAL\u00c0 \u00a00-11 \u00a0ESCOLA \u201cB\u201d Partit molt ben jugat pels joves jugadors de la Fundaci\u00f3 Esportiva Grama. En tot moment van ser molt superiors al seu rival. Partido muy bien jugado por los j\u00f3venes jugadores de [&hellip;]<\/p>\n","protected":false},"author":1,"featured_media":0,"comment_status":"closed","ping_status":"closed","sticky":false,"template":"","format":"standard","meta":{"footnotes":""},"categories":[4,33],"tags":[],"class_list":["post-11481","post","type-post","status-publish","format-standard","hentry","category-base-inclusiu","category-escola-diari-feg"],"_links":{"self":[{"href":"http:\/\/fegrama.cat\/web\/wp-json\/wp\/v2\/posts\/11481","targetHints":{"allow":["GET"]}}],"collection":[{"href":"http:\/\/fegrama.cat\/web\/wp-json\/wp\/v2\/posts"}],"about":[{"href":"http:\/\/fegrama.cat\/web\/wp-json\/wp\/v2\/types\/post"}],"author":[{"embeddable":true,"href":"http:\/\/fegrama.cat\/web\/wp-json\/wp\/v2\/users\/1"}],"replies":[{"embeddable":true,"href":"http:\/\/fegrama.cat\/web\/wp-json\/wp\/v2\/comments?post=11481"}],"version-history":[{"count":4,"href":"http:\/\/fegrama.cat\/web\/wp-json\/wp\/v2\/posts\/11481\/revisions"}],"predecessor-version":[{"id":11486,"href":"http:\/\/fegrama.cat\/web\/wp-json\/wp\/v2\/posts\/11481\/revisions\/11486"}],"wp:attachment":[{"href":"http:\/\/fegrama.cat\/web\/wp-json\/wp\/v2\/media?parent=11481"}],"wp:term":[{"taxonomy":"category","embeddable":true,"href":"http:\/\/fegrama.cat\/web\/wp-json\/wp\/v2\/categories?post=11481"},{"taxonomy":"post_tag","embeddable":true,"href":"http:\/\/fegrama.cat\/web\/wp-json\/wp\/v2\/tags?post=11481"}],"curies":[{"name":"wp","href":"https:\/\/api.w.org\/{rel}","templated":true}]}}