{"id":11478,"date":"2015-05-17T10:01:39","date_gmt":"2015-05-17T09:01:39","guid":{"rendered":"http:\/\/fegrama.cat\/web\/?p=11478"},"modified":"2015-05-18T08:43:13","modified_gmt":"2015-05-18T07:43:13","slug":"linfantil-b-va-empatar-a-casa-davant-la-fp-hermes","status":"publish","type":"post","link":"http:\/\/fegrama.cat\/web\/linfantil-b-va-empatar-a-casa-davant-la-fp-hermes\/","title":{"rendered":"L&#8217;Infantil \u00abB\u00bb va empatar a casa davant la FP Hermes"},"content":{"rendered":"<p>Segueix la lluita de l&#8217;Infantil \u00abB\u00bb per no descendir, falten dues jornades de lliga i a aquestes dues hem de sumar dos partits ajornats que t\u00e9 l&#8217;equip colomenc. Aquest diumenge l&#8217;equip va empatar a dos gols davant la Fundaci\u00f3 Privada Hermes, davant el quart classificat de la lliga.<\/p>\n<p>Als 4 minuts de partit els de l&#8217;Hospitalet s&#8217;avan\u00e7aven al marcador, malgrat el gol visitant els primers 45 minuts de partit vam veure un domini altern de la pilota, els dos equips estaven jugant a bon nivell. Partit igualat, tots dos estaven fent m\u00e8rits per marcar gols per\u00f2 no arribava cap m\u00e9s, l&#8217;empat va estar a punt d&#8217;arribar per\u00f2 es va resistir.<\/p>\n<p>Andr\u00e9s Herrera als tres minuts de la represa empatava i sis minuts despr\u00e9s de falta indirecta dins de l&#8217;\u00e0rea marcava Unai Mart\u00ednez el 2-1; remuntaven els locals que van tenir a les botes de Samuel Valdivia el tercer per\u00f2 el pal va evitar el gol. Semblava que la Hermes es venia a baix per la gran calor que feia i que nom\u00e9s tenien dos canvis per\u00f2 a tres minuts del final a pilota aturada van empatar el partit.<\/p>\n<p>La Grama va tenir les dues \u00faltimes oportunitats de gol per\u00f2 finalment el marcador no es va moure. Dijous que ve tornaran a jugar, a les 19 hores a casa davant el Vilassar de Mar.<\/p>\n<p><strong>FOTOS DEL PARTIT:<\/strong>\u00a0<a href=\"https:\/\/plus.google.com\/photos\/113125192083830612262\/albums\/6149894223725301265\" target=\"_blank\">https:\/\/plus.google.com\/photos\/113125192083830612262\/albums\/6149894223725301265<\/a><\/p>\n<p><a href=\"http:\/\/fegrama.cat\/web\/wp-content\/uploads\/2014\/12\/INFANTIL-BFUNDACIO-GRAMA-SANTA-COLOMA1.jpg\"><img loading=\"lazy\" decoding=\"async\" class=\"aligncenter size-full wp-image-8401\" alt=\"INFANTIL BFUNDACIO GRAMA SANTA COLOMA\" src=\"http:\/\/fegrama.cat\/web\/wp-content\/uploads\/2014\/12\/INFANTIL-BFUNDACIO-GRAMA-SANTA-COLOMA1.jpg\" width=\"640\" height=\"480\" srcset=\"http:\/\/fegrama.cat\/web\/wp-content\/uploads\/2014\/12\/INFANTIL-BFUNDACIO-GRAMA-SANTA-COLOMA1.jpg 640w, http:\/\/fegrama.cat\/web\/wp-content\/uploads\/2014\/12\/INFANTIL-BFUNDACIO-GRAMA-SANTA-COLOMA1-300x225.jpg 300w\" sizes=\"auto, (max-width: 640px) 100vw, 640px\" \/><\/a><\/p>\n<p>Sigue la lucha del Infantil \u00abB\u00bb por no descender, faltan dos jornadas de liga y a esas dos debemos sumar dos partidos aplazados que tiene el equipo colomense. Este domingo el equipo empat\u00f3 a dos goles ante la Fundaci\u00f3n Privada Hermes, ante el cuarto clasificado de la liga.<\/p>\n<p>A los 4 minutos de partido los de Hospitalet se adelantaban en el marcador, pese al gol visitante los primeros 45 minutos de partido vimos un dominio alterno de la pelota, ambos equipos estaban jugando a buen nivel. Partido igualado, ambos estaban haciendo m\u00e9ritos para marcar goles pero no llegaba ninguno m\u00e1s, el empate estuvo a punto de llegar el empate pero se resisti\u00f3.<\/p>\n<p>Andr\u00e9s Herrera a los tres minutos de la reanudaci\u00f3n empataba y seis minutos despu\u00e9s de falta indirecta dentro del \u00e1rea marcaba Unai Mart\u00ednez el 2-1; remontaban los locales que tuvieron en las botas de Samuel Valdivia el tercero pero el palo evit\u00f3 el gol. Parec\u00eda que la Hermes se ven\u00eda abajo por el gran calor que hac\u00eda y que solo ten\u00edan dos cambios pero a tres minutos del final a bal\u00f3n parado empataron el partido.<\/p>\n<p>La Grama tuvo las dos \u00faltimas oportunidades de gol pero finalmente el marcador no se movio. El pr\u00f3ximo jueves volver\u00e1n a jugar, a las 19 horas en casa ante el Vilassar de Mar.<\/p>\n","protected":false},"excerpt":{"rendered":"<p>Segueix la lluita de l&#8217;Infantil \u00abB\u00bb per no descendir, falten dues jornades de lliga i a aquestes dues hem de sumar dos partits ajornats que t\u00e9 l&#8217;equip colomenc. Aquest diumenge l&#8217;equip va empatar a dos gols davant la Fundaci\u00f3 Privada Hermes, davant el quart classificat de la lliga. Als 4 minuts de partit els de [&hellip;]<\/p>\n","protected":false},"author":1,"featured_media":0,"comment_status":"closed","ping_status":"closed","sticky":false,"template":"","format":"standard","meta":{"footnotes":""},"categories":[4,9],"tags":[],"class_list":["post-11478","post","type-post","status-publish","format-standard","hentry","category-base-inclusiu","category-infantils"],"_links":{"self":[{"href":"http:\/\/fegrama.cat\/web\/wp-json\/wp\/v2\/posts\/11478","targetHints":{"allow":["GET"]}}],"collection":[{"href":"http:\/\/fegrama.cat\/web\/wp-json\/wp\/v2\/posts"}],"about":[{"href":"http:\/\/fegrama.cat\/web\/wp-json\/wp\/v2\/types\/post"}],"author":[{"embeddable":true,"href":"http:\/\/fegrama.cat\/web\/wp-json\/wp\/v2\/users\/1"}],"replies":[{"embeddable":true,"href":"http:\/\/fegrama.cat\/web\/wp-json\/wp\/v2\/comments?post=11478"}],"version-history":[{"count":1,"href":"http:\/\/fegrama.cat\/web\/wp-json\/wp\/v2\/posts\/11478\/revisions"}],"predecessor-version":[{"id":11480,"href":"http:\/\/fegrama.cat\/web\/wp-json\/wp\/v2\/posts\/11478\/revisions\/11480"}],"wp:attachment":[{"href":"http:\/\/fegrama.cat\/web\/wp-json\/wp\/v2\/media?parent=11478"}],"wp:term":[{"taxonomy":"category","embeddable":true,"href":"http:\/\/fegrama.cat\/web\/wp-json\/wp\/v2\/categories?post=11478"},{"taxonomy":"post_tag","embeddable":true,"href":"http:\/\/fegrama.cat\/web\/wp-json\/wp\/v2\/tags?post=11478"}],"curies":[{"name":"wp","href":"https:\/\/api.w.org\/{rel}","templated":true}]}}