{"id":11472,"date":"2015-05-17T17:58:00","date_gmt":"2015-05-17T16:58:00","guid":{"rendered":"http:\/\/fegrama.cat\/web\/?p=11472"},"modified":"2015-05-17T17:58:00","modified_gmt":"2015-05-17T16:58:00","slug":"empat-a-un-per-tancar-la-temporada","status":"publish","type":"post","link":"http:\/\/fegrama.cat\/web\/empat-a-un-per-tancar-la-temporada\/","title":{"rendered":"Empat a un per tancar la temporada"},"content":{"rendered":"<p>Magn\u00edfic partit el disputat pel juvenil \u00abA\u00bb de la Fundaci\u00f3 Esportiva Grama, davant del Sant Andreu. El resultat en si no pot considerar-se just pels m\u00e8rits contrets per un i altre equip, ja que si algun mereixia la vict\u00f2ria, aquest era el conjunt local.<\/p>\n<p>La primera part, sobretot, va ser de clar domini colomenc, doncs res m\u00e9s posar-se la pilota en joc, despr\u00e9s d&#8217;uns minuts inicials de tempteig, s&#8217;observava amb claredat que la Grama caminava millor posicionada sobre el terreny de joc, generant un futbol mes s\u00f2lid , ben assentat en defensa i creant alguna ocasi\u00f3 de gol. El Sant Andreu, per la seva banda, es dedicava a aguantar com podia en el mig camp i en defensa davant les accions del conjunt de la Fundaci\u00f3.<\/p>\n<p>En aquests primers 45 minuts, els colomencs es van plantar en diverses vegades davant el marc contrari, per\u00f2 sense la sort desitjada. Exactament fins en quatre ocasions van aconseguir posar en perill la porteria, sent en una d&#8217;elles en la qual arribaria el gol dels locals. A partir d&#8217;aquest moment es pot dir que si el domini era total per part de la FEGrama, va augmentar encara molt mes, posant en alguna dificultat el marc defensat pels andreuencs.<\/p>\n<p>Ens situem ja en el segon temps i donava la sensaci\u00f3 que les coses anaven a continuar igual, segons el que es reflectia al camp. Als deu minuts d&#8217;aquest per\u00edode, la Grama novament, aconsegueix posar el perill a l&#8217;\u00e0rea del Sant Andreu, una oportunitat clara de gol que el porter visitant aconsegueix aclarir en \u00faltima inst\u00e0ncia. Tot seguit, els visitants, forcen un c\u00f3rner a favor seu i en la jugada en qu\u00e8 s&#8217;elaboraria a continuaci\u00f3 arribaria el gol de l&#8217;empat.<\/p>\n<p>A partir d&#8217;aquest moment hi va haver una certa igualtat en el joc dels dos equips, amb una mica m\u00e9s de control per part dels colomencs, que van posar en dificultats el marc defensat pel porter visitant. El futbol per bandes i les faltes comeses pels quadribarrats es van convertir en l&#8217;avantsala d&#8217;oportunitats dels blavosos, que es van trobar amb un porter encertat i una defensa que es va dedicar a mantenir l&#8217;empat a un gol.<\/p>\n<p>En resum, un xoc en qu\u00e8 el marcador no reflecteix un resultat just, tenint en compte el treball realitzat pels nois de la Fundaci\u00f3 Esportiva Grama, que van mer\u00e8ixer mes que aquest punt aconseguit.<\/p>\n<p><a href=\"http:\/\/fegrama.cat\/web\/wp-content\/uploads\/2014\/12\/JUVENIL-A-2FUNDACIO-GRAMA-SANTA-COLOMA.jpg\"><img loading=\"lazy\" decoding=\"async\" class=\"aligncenter size-full wp-image-8383\" alt=\"JUVENIL A (2)FUNDACIO GRAMA SANTA COLOMA\" src=\"http:\/\/fegrama.cat\/web\/wp-content\/uploads\/2014\/12\/JUVENIL-A-2FUNDACIO-GRAMA-SANTA-COLOMA.jpg\" width=\"640\" height=\"480\" \/><\/a><\/p>\n<p>Magnifico partido el disputado por el juvenil \u00abA\u00bb de la Fundaci\u00f3 Esportiva Grama, frente al Sant Andreu. El resultado en si no puede considerarse justo por los m\u00e9ritos contra\u00eddos por uno y otro equipo, ya que si alguno merec\u00eda la victoria, \u00e9ste era el conjunto local.<\/p>\n<p>La primera parte, sobre todo, fue de claro dominio colomense, pues nada mas ponerse el bal\u00f3n en juego, tras unos minutos iniciales de tanteo, se observaba con claridad que la Grama andaba mejor posicionada sobre el terreno de juego, generando un \u00a0f\u00fatbol mas solido, bien asentado en defensa y creando alguna ocasi\u00f3n de gol. El Sant Andreu, por su parte, se dedicaba a aguantar como pod\u00eda en el medio campo y en defensa ante las acciones del conjunto de la Fundaci\u00f3.<\/p>\n<p>En estos primeros 45 minutos, los colomenses se plantaron en varias veces ante el marco contrario, pero sin la suerte deseada. Exactamente hasta en cuatro ocasiones lograron poner en peligro la porter\u00eda, siendo en una de ellas en la que llegar\u00eda el gol de los locales. A partir de ese momento puede decirse que si el dominio era total por parte de la FEGrama, aument\u00f3 todav\u00eda mucho mas, poniendo en alg\u00fan apuro el marco defendido por los andresenses.<\/p>\n<p>Nos situamos ya en el segundo tiempo y daba la sensaci\u00f3n de que las cosas iban a continuar igual, seg\u00fan lo que se reflejaba en el campo. A los diez minutos de este periodo, la Grama nuevamente, consigue poner el peligro en el \u00e1rea del Sant Andreu, una oportunidad clara de gol que el portero visitante logra despejar en \u00faltima instancia. Acto seguido, los visitantes, fuerzan un c\u00f3rner a su favor y en la jugada en la que se elaborar\u00eda a continuaci\u00f3n llegar\u00eda el gol del empate.<\/p>\n<p>A partir de ese momento hubo una cierta igualdad en el juego de los dos equipos, con algo mas de control por parte de los colomenses, que pusieron en aprietos el marco defendido por el guardameta visitante. El f\u00fatbol por bandas y las faltas cometidas por los cuatribarrados se convirtieron en la antesala de oportunidades de los azulados, que se encontraron con un portero acertado y una defensa que se dedic\u00f3 a mantener el empate a un gol.<\/p>\n<p>En resumen, un choque en el \u00a0que el marcador no refleja un resultado justo, teniendo en cuenta el trabajo realizado por los muchachos de la Fundaci\u00f3 Esportiva Grama, que merecieron mas que ese punto conseguido.<\/p>\n","protected":false},"excerpt":{"rendered":"<p>Magn\u00edfic partit el disputat pel juvenil \u00abA\u00bb de la Fundaci\u00f3 Esportiva Grama, davant del Sant Andreu. El resultat en si no pot considerar-se just pels m\u00e8rits contrets per un i altre equip, ja que si algun mereixia la vict\u00f2ria, aquest era el conjunt local. La primera part, sobretot, va ser de clar domini colomenc, doncs [&hellip;]<\/p>\n","protected":false},"author":1,"featured_media":0,"comment_status":"closed","ping_status":"closed","sticky":false,"template":"","format":"standard","meta":{"footnotes":""},"categories":[4,6],"tags":[399,24,55,102],"class_list":["post-11472","post","type-post","status-publish","format-standard","hentry","category-base-inclusiu","category-juvenils","tag-fegrama","tag-fundacio-esportiva-grama","tag-nou-municipal-de-santa-coloma","tag-sant-andreu"],"_links":{"self":[{"href":"http:\/\/fegrama.cat\/web\/wp-json\/wp\/v2\/posts\/11472","targetHints":{"allow":["GET"]}}],"collection":[{"href":"http:\/\/fegrama.cat\/web\/wp-json\/wp\/v2\/posts"}],"about":[{"href":"http:\/\/fegrama.cat\/web\/wp-json\/wp\/v2\/types\/post"}],"author":[{"embeddable":true,"href":"http:\/\/fegrama.cat\/web\/wp-json\/wp\/v2\/users\/1"}],"replies":[{"embeddable":true,"href":"http:\/\/fegrama.cat\/web\/wp-json\/wp\/v2\/comments?post=11472"}],"version-history":[{"count":3,"href":"http:\/\/fegrama.cat\/web\/wp-json\/wp\/v2\/posts\/11472\/revisions"}],"predecessor-version":[{"id":11475,"href":"http:\/\/fegrama.cat\/web\/wp-json\/wp\/v2\/posts\/11472\/revisions\/11475"}],"wp:attachment":[{"href":"http:\/\/fegrama.cat\/web\/wp-json\/wp\/v2\/media?parent=11472"}],"wp:term":[{"taxonomy":"category","embeddable":true,"href":"http:\/\/fegrama.cat\/web\/wp-json\/wp\/v2\/categories?post=11472"},{"taxonomy":"post_tag","embeddable":true,"href":"http:\/\/fegrama.cat\/web\/wp-json\/wp\/v2\/tags?post=11472"}],"curies":[{"name":"wp","href":"https:\/\/api.w.org\/{rel}","templated":true}]}}