{"id":11466,"date":"2015-05-17T10:01:31","date_gmt":"2015-05-17T09:01:31","guid":{"rendered":"http:\/\/fegrama.cat\/web\/?p=11466"},"modified":"2015-05-17T10:01:31","modified_gmt":"2015-05-17T09:01:31","slug":"el-cadet-b-va-guanyar-per-la-minima","status":"publish","type":"post","link":"http:\/\/fegrama.cat\/web\/el-cadet-b-va-guanyar-per-la-minima\/","title":{"rendered":"El Cadet \u00abB\u00bb va guanyar per la m\u00ednima"},"content":{"rendered":"<p>El Cadet \u00abB\u00bb seguir\u00e0 una setmana m\u00e9s en segona posici\u00f3 gr\u00e0cies a la seva vict\u00f2ria per la m\u00ednima davant el Racing Sarri\u00e0, antepen\u00faltim classificat de la lliga. A falta de dues jornades per al final aquests nois ho donaran tot, tal com es va veure en el partit, per acabar en aquesta magn\u00edfica segona pla\u00e7a.<\/p>\n<p>Al Nou Municipal sota una calor asfixiant vam veure un partit molt competit. Els visitants van disposar d&#8217;un repliqui baix molt ordenat que va dificultar penetrar pels passadissos interiors. A poc a poc la Fundaci\u00f3 es va fer propiet\u00e0ria del partit, tenien la possessi\u00f3 i creaven molt perill en atac per\u00f2 el gol es resistia.<\/p>\n<p>Iv\u00e1n de cap, Eric despr\u00e9s d&#8217;una gran passada de Daniel o Mikel van tenir ocasions per obrir el marcador per\u00f2 no va ser fins al minut 38 quan un xut lluny\u00e0 de Javier Manchado des de fora de l&#8217;\u00e0rea entrava per tot l&#8217;escaire, gol\u00e0s per aconseguir el 1-0. Abans de marxar al descans Elian de xut creuat va estar a punt de marcar el segon.<\/p>\n<p>A la segona part els de Sarri\u00e0 van intentar pressionar uns metres m\u00e9s avan\u00e7at el que va donar m\u00e9s facilitats als locals per fabricar ocasions, per\u00f2 el marcador no es va moure. Alguna bona oportunitat va tenir l&#8217;equip visitant per empatar per\u00f2 el guardameta local va estar molt atent a la porteria.<\/p>\n<p><strong>FOTOS DEL PARTIT:\u00a0<\/strong><a href=\"https:\/\/plus.google.com\/u\/0\/photos\/113125192083830612262\/albums\/6149759078677592625\" target=\"_blank\">https:\/\/plus.google.com\/u\/0\/photos\/113125192083830612262\/albums\/6149759078677592625<\/a><\/p>\n<p><a href=\"http:\/\/fegrama.cat\/web\/wp-content\/uploads\/2014\/12\/CADET-BFUNDACIO-GRAMA-SANTA-COLOMA.jpg\"><img loading=\"lazy\" decoding=\"async\" class=\"aligncenter size-full wp-image-8389\" alt=\"CADET BFUNDACIO GRAMA SANTA COLOMA\" src=\"http:\/\/fegrama.cat\/web\/wp-content\/uploads\/2014\/12\/CADET-BFUNDACIO-GRAMA-SANTA-COLOMA.jpg\" width=\"640\" height=\"480\" srcset=\"http:\/\/fegrama.cat\/web\/wp-content\/uploads\/2014\/12\/CADET-BFUNDACIO-GRAMA-SANTA-COLOMA.jpg 640w, http:\/\/fegrama.cat\/web\/wp-content\/uploads\/2014\/12\/CADET-BFUNDACIO-GRAMA-SANTA-COLOMA-300x225.jpg 300w\" sizes=\"auto, (max-width: 640px) 100vw, 640px\" \/><\/a><\/p>\n<p>El Cadete \u00abB\u00bb seguir\u00e1 una semana m\u00e1s en segunda posici\u00f3n gracias a su victoria por la m\u00ednima ante el Racing Sarri\u00e0, antepen\u00faltimo clasificado de la liga. A falta de dos jornadas para el final estos chicos lo dar\u00e1n todo, tal como se vio en el partido, para acabar en esa magnifica segunda plaza.<\/p>\n<p>En el Nou Municipal bajo un calor asfixiante vimos un partido muy competido.\u00a0Los visitantes dispusieron de un replique bajo muy ordenado que dificult\u00f3 penetrar por los pasillos interiores. Poco a poco la Fundaci\u00f3 se hizo due\u00f1a del partido, ten\u00edan la posesi\u00f3n y creaban mucho peligro en ataque pero el gol se resist\u00eda.<\/p>\n<p>Iv\u00e1n de cabeza, Eric tras gran pase de Daniel o Mikel tuvieron ocasiones para abrir el marcador pero no fue hasta el minuto 38 cuando un tiro lejano de Javier Manchado desde fuera del \u00e1rea entraba por toda la escuadra, golazo para lograr el 1-0. Antes de marcharnos al descanso Elian de tiro cruzado estuvo a punto de marcar el segundo.<\/p>\n<p>En la segunda parte los de Sarri\u00e0 intentaron presionar unos metros m\u00e1s avanzado lo que dio m\u00e1s facilidades a los locales para fabricar ocasiones, sin embargo el marcador no se movi\u00f3. Alguna buena oportunidad tuvo el equipo visitante para empatar pero V\u00edctor Fuentes estuvo muy atento en la porter\u00eda.<\/p>\n","protected":false},"excerpt":{"rendered":"<p>El Cadet \u00abB\u00bb seguir\u00e0 una setmana m\u00e9s en segona posici\u00f3 gr\u00e0cies a la seva vict\u00f2ria per la m\u00ednima davant el Racing Sarri\u00e0, antepen\u00faltim classificat de la lliga. A falta de dues jornades per al final aquests nois ho donaran tot, tal com es va veure en el partit, per acabar en aquesta magn\u00edfica segona pla\u00e7a. [&hellip;]<\/p>\n","protected":false},"author":1,"featured_media":0,"comment_status":"closed","ping_status":"closed","sticky":false,"template":"","format":"standard","meta":{"footnotes":""},"categories":[4,7],"tags":[],"class_list":["post-11466","post","type-post","status-publish","format-standard","hentry","category-base-inclusiu","category-cadets"],"_links":{"self":[{"href":"http:\/\/fegrama.cat\/web\/wp-json\/wp\/v2\/posts\/11466","targetHints":{"allow":["GET"]}}],"collection":[{"href":"http:\/\/fegrama.cat\/web\/wp-json\/wp\/v2\/posts"}],"about":[{"href":"http:\/\/fegrama.cat\/web\/wp-json\/wp\/v2\/types\/post"}],"author":[{"embeddable":true,"href":"http:\/\/fegrama.cat\/web\/wp-json\/wp\/v2\/users\/1"}],"replies":[{"embeddable":true,"href":"http:\/\/fegrama.cat\/web\/wp-json\/wp\/v2\/comments?post=11466"}],"version-history":[{"count":1,"href":"http:\/\/fegrama.cat\/web\/wp-json\/wp\/v2\/posts\/11466\/revisions"}],"predecessor-version":[{"id":11469,"href":"http:\/\/fegrama.cat\/web\/wp-json\/wp\/v2\/posts\/11466\/revisions\/11469"}],"wp:attachment":[{"href":"http:\/\/fegrama.cat\/web\/wp-json\/wp\/v2\/media?parent=11466"}],"wp:term":[{"taxonomy":"category","embeddable":true,"href":"http:\/\/fegrama.cat\/web\/wp-json\/wp\/v2\/categories?post=11466"},{"taxonomy":"post_tag","embeddable":true,"href":"http:\/\/fegrama.cat\/web\/wp-json\/wp\/v2\/tags?post=11466"}],"curies":[{"name":"wp","href":"https:\/\/api.w.org\/{rel}","templated":true}]}}