{"id":11463,"date":"2015-05-17T08:43:45","date_gmt":"2015-05-17T07:43:45","guid":{"rendered":"http:\/\/fegrama.cat\/web\/?p=11463"},"modified":"2015-05-17T08:43:45","modified_gmt":"2015-05-17T07:43:45","slug":"el-primer-equip-acaba-la-lliga-amb-una-nova-victoria","status":"publish","type":"post","link":"http:\/\/fegrama.cat\/web\/el-primer-equip-acaba-la-lliga-amb-una-nova-victoria\/","title":{"rendered":"El primer equip acaba la Lliga amb una nova vict\u00f2ria"},"content":{"rendered":"<p>L&#8217;equip Amateur de la Fundaci\u00f3 Esportiva Grama va tancar la temporada amb una vict\u00f2ria com a visitant per 0-2 davant l&#8217;UE Cabrera \u00abB\u00bb. Els colomencs acaben la lliga amb la millor ratxa de la temporada en sumar 16 vict\u00f2ries consecutives. Una vict\u00f2ria que fa que els colomencs acabin invictes com a visitants, han guanyat en tots els camps del Grup 6 de Quarta Catalana inclosos a Tiana \u00abB\u00bb i Singuerl\u00edn \u00abB\u00bb, dos equips retirats de competici\u00f3.<\/p>\n<p>Al Municipal Cabrera de Mar va fer una tarda de molta calor. L&#8217;equip de Ram\u00f3n Carranza tenia el domini de pilota per\u00f2 sense gaire profunditat en un camp petit, amb pocs espais i una gespa en mal estat que van propiciar moltes conduccions i poc toc. Santi, Moha, Pipa i Denis van fallar les primeres grans ocasions clares del partit.<\/p>\n<p>Amb 0-0 al marcador tamb\u00e9 hauria d&#8217;apar\u00e8ixer el porter visitant, Fran en tir a boca de can\u00f3 es feia un aut\u00e8ntica gran aturada. I just abans del descans David P\u00e9rez amb un tir exterior marcava el primer gol del partit. Despr\u00e9s del pas per vestidors van arribar a una segona meitat que va ser molt semblant als primers 45 minuts viscuts.<\/p>\n<p>La F.E.Grama seguia amb la possessi\u00f3 de pilota i l&#8217;equip seguia generant ocasions que o b\u00e9 el porter o b\u00e9 l&#8217;exc\u00e9s d&#8217;individualisme no es van transformar en gol. De nou com en la primera part en l&#8217;\u00fanica ocasi\u00f3 que els locals van tenir va apar\u00e8ixer Fran per desviar al pal un gran xut.<\/p>\n<p>I just abans del final del partit Kevin Rodr\u00edguez posava el 0-2 en una bona jugada d&#8217;equip; el gol n\u00famero 131 de la temporada i el gol 198 en competici\u00f3 de lliga de la jove hist\u00f2ria del primer equip (2 temporades de vida). Al \u00abpitxitxi\u00bb de l&#8217;equip, Santi De La Rica, no li va fer falta marcar gol ja que amb 31 gols acaba sent el M\u00e0xim Golejador de la Lliga.<\/p>\n<p><a href=\"http:\/\/fegrama.cat\/web\/wp-content\/uploads\/2015\/05\/clasamat170515.jpg\"><img loading=\"lazy\" decoding=\"async\" class=\"aligncenter size-full wp-image-11464\" alt=\"clasamat170515\" src=\"http:\/\/fegrama.cat\/web\/wp-content\/uploads\/2015\/05\/clasamat170515.jpg\" width=\"761\" height=\"470\" \/><\/a><\/p>\n<p>El equipo Amateur de la Fundaci\u00f3 Esportiva Grama cerr\u00f3 la temporada con una victoria como visitante por 0-2 ante el Cabrera \u00abB\u00bb. Los colomenses acaban la liga con la mejor racha de la temporada al sumar\u00a016 victorias consecutivas. Una victoria que hace que los colomenses acaben invictos como visitantes, han ganado en todos los campos del Grupo 6 de Cuarta Catalana incluidos a Tiana \u00abB\u00bb y Singuerl\u00edn \u00abB\u00bb, ambos equipos retirados de competici\u00f3n.<\/p>\n<p>En el Municipal Cabrera de Mar hizo una tarde de mucho calor. El equipo de Ram\u00f3n Carranza ten\u00eda el dominio de bal\u00f3n pero sin mucha profundidad en un campo peque\u00f1o, con pocos espacios y un c\u00e9sped en mal estado que propiciaron muchas conducciones y poco toque. Santi, Moha, Pipa y Denis fallaron las primeras grandes ocasiones claras del partido.<\/p>\n<p>Con 0-0 en el marcador tambi\u00e9n tendr\u00eda que aparecer el portero visitante, Fran en tiro a bocajarro se hac\u00eda un aut\u00e9ntico parad\u00f3n. Y justo antes del descanso David P\u00e9rez con un tiro exterior marcaba el primer gol del partido. Tras el paso por vestuarios llegamos a una segunda mitad que fue muy parecida a los primeros 45 minutos vividos.<\/p>\n<p>La F.E.Grama segu\u00eda con la posesi\u00f3n de bal\u00f3n y el equipo segu\u00eda generando ocasiones que o bien el portero o bien el exceso de individualismo no se transformaron en gol. De nuevo como en la primera parte en la \u00fanica ocasi\u00f3n que los locales tuvieron apareci\u00f3 Fran para desviar al palo un gran tiro.<\/p>\n<p>Y justo antes del final del partido Kevin Rodr\u00edguez\u00a0pon\u00eda el 0-2 en una buena jugada de equipo; el gol n\u00famero 131 de la temporada y el gol 198 en competici\u00f3n liguera de la joven historia del primer equipo (2 temporadas de vida). El \u00abpichichi\u00bb del equipo, Santi De La Rica, no le hizo falta marcar gol pues con 31 goles acaba siendo el M\u00e1ximo Goleador de la Liga.<\/p>\n","protected":false},"excerpt":{"rendered":"<p>L&#8217;equip Amateur de la Fundaci\u00f3 Esportiva Grama va tancar la temporada amb una vict\u00f2ria com a visitant per 0-2 davant l&#8217;UE Cabrera \u00abB\u00bb. Els colomencs acaben la lliga amb la millor ratxa de la temporada en sumar 16 vict\u00f2ries consecutives. Una vict\u00f2ria que fa que els colomencs acabin invictes com a visitants, han guanyat en [&hellip;]<\/p>\n","protected":false},"author":1,"featured_media":10655,"comment_status":"closed","ping_status":"closed","sticky":false,"template":"","format":"standard","meta":{"footnotes":""},"categories":[4,5],"tags":[399,24],"class_list":["post-11463","post","type-post","status-publish","format-standard","has-post-thumbnail","hentry","category-base-inclusiu","category-primer-equip","tag-fegrama","tag-fundacio-esportiva-grama"],"_links":{"self":[{"href":"http:\/\/fegrama.cat\/web\/wp-json\/wp\/v2\/posts\/11463","targetHints":{"allow":["GET"]}}],"collection":[{"href":"http:\/\/fegrama.cat\/web\/wp-json\/wp\/v2\/posts"}],"about":[{"href":"http:\/\/fegrama.cat\/web\/wp-json\/wp\/v2\/types\/post"}],"author":[{"embeddable":true,"href":"http:\/\/fegrama.cat\/web\/wp-json\/wp\/v2\/users\/1"}],"replies":[{"embeddable":true,"href":"http:\/\/fegrama.cat\/web\/wp-json\/wp\/v2\/comments?post=11463"}],"version-history":[{"count":1,"href":"http:\/\/fegrama.cat\/web\/wp-json\/wp\/v2\/posts\/11463\/revisions"}],"predecessor-version":[{"id":11465,"href":"http:\/\/fegrama.cat\/web\/wp-json\/wp\/v2\/posts\/11463\/revisions\/11465"}],"wp:featuredmedia":[{"embeddable":true,"href":"http:\/\/fegrama.cat\/web\/wp-json\/wp\/v2\/media\/10655"}],"wp:attachment":[{"href":"http:\/\/fegrama.cat\/web\/wp-json\/wp\/v2\/media?parent=11463"}],"wp:term":[{"taxonomy":"category","embeddable":true,"href":"http:\/\/fegrama.cat\/web\/wp-json\/wp\/v2\/categories?post=11463"},{"taxonomy":"post_tag","embeddable":true,"href":"http:\/\/fegrama.cat\/web\/wp-json\/wp\/v2\/tags?post=11463"}],"curies":[{"name":"wp","href":"https:\/\/api.w.org\/{rel}","templated":true}]}}