{"id":11438,"date":"2015-05-15T18:23:06","date_gmt":"2015-05-15T17:23:06","guid":{"rendered":"http:\/\/fegrama.cat\/web\/?p=11438"},"modified":"2015-05-15T18:23:06","modified_gmt":"2015-05-15T17:23:06","slug":"previes-dels-equips-prebenjamins-16-i-17-maig","status":"publish","type":"post","link":"http:\/\/fegrama.cat\/web\/previes-dels-equips-prebenjamins-16-i-17-maig\/","title":{"rendered":"Pr\u00e8vies dels equips Prebenjamins (16 i 17 maig)"},"content":{"rendered":"<p><a href=\"http:\/\/fegrama.cat\/web\/wp-content\/uploads\/2014\/12\/PREBENJAM\u00cd-AFUNDACIO-GRAMA-SANTA-COLOMA1.jpg\"><img loading=\"lazy\" decoding=\"async\" class=\"aligncenter size-full wp-image-8483\" alt=\"PREBENJAM\u00cd AFUNDACIO GRAMA SANTA COLOMA\" src=\"http:\/\/fegrama.cat\/web\/wp-content\/uploads\/2014\/12\/PREBENJAM\u00cd-AFUNDACIO-GRAMA-SANTA-COLOMA1.jpg\" width=\"640\" height=\"480\" srcset=\"http:\/\/fegrama.cat\/web\/wp-content\/uploads\/2014\/12\/PREBENJAM\u00cd-AFUNDACIO-GRAMA-SANTA-COLOMA1.jpg 640w, http:\/\/fegrama.cat\/web\/wp-content\/uploads\/2014\/12\/PREBENJAM\u00cd-AFUNDACIO-GRAMA-SANTA-COLOMA1-300x225.jpg 300w\" sizes=\"auto, (max-width: 640px) 100vw, 640px\" \/><\/a><\/p>\n<p>PREBENJAMIN \u00abA\u00bb-PENYA BARCELONISTA CINCO COPAS<\/p>\n<p>Partit complicat el que ha de disputar l&#8217;equip prebenjam\u00ed \u00abA\u00bb de la Fundaci\u00f3 Esportiva Grama, contra la Penya Barcelonista Cinc Copes. Un xoc que es planteja amb una millor classificaci\u00f3 dels visitants en el campionat, encara que tampoc com per pensar que tenen tot al seu favor. La Grama, per la seva banda, es troba en setena posici\u00f3 i ve de guanyar els seus dos \u00faltims partits, mentre que la penya barcelonista nom\u00e9s ha aconseguit aconseguir dos empats. El partit es disputar\u00e0 al Municipal de Les Oliveres dissabte a les 12 hores.<\/p>\n<p>Partido complicado el que tiene que disputar el equipo prebenjamin \u00abA\u00bb de la Fundaci\u00f3 Esportiva Grama, contra la Penya Barcelonista Cinco Copas. Un choque que se plantea con una mejor clasificaci\u00f3n de los visitantes en el campeonato, aunque tampoco como para pensar que tienen todo a su favor. La Grama, por su parte, se encuentra en s\u00e9ptima posici\u00f3n y viene de ganar sus dos \u00faltimos encuentros, mientras que la penya barcelonista solamente ha logrado conseguir dos empates. El partido se disputar\u00e1 en el Municipal de Les Oliveres el s\u00e1bado a las 12 horas.<\/p>\n<p><a href=\"http:\/\/fegrama.cat\/web\/wp-content\/uploads\/2014\/12\/PREBENJAM\u00cd-CFUNDACIO-GRAMA-SANTA-COLOMA1.jpg\"><img loading=\"lazy\" decoding=\"async\" class=\"aligncenter size-full wp-image-8477\" alt=\"PREBENJAM\u00cd CFUNDACIO GRAMA SANTA COLOMA\" src=\"http:\/\/fegrama.cat\/web\/wp-content\/uploads\/2014\/12\/PREBENJAM\u00cd-CFUNDACIO-GRAMA-SANTA-COLOMA1.jpg\" width=\"640\" height=\"480\" srcset=\"http:\/\/fegrama.cat\/web\/wp-content\/uploads\/2014\/12\/PREBENJAM\u00cd-CFUNDACIO-GRAMA-SANTA-COLOMA1.jpg 640w, http:\/\/fegrama.cat\/web\/wp-content\/uploads\/2014\/12\/PREBENJAM\u00cd-CFUNDACIO-GRAMA-SANTA-COLOMA1-300x225.jpg 300w\" sizes=\"auto, (max-width: 640px) 100vw, 640px\" \/><\/a><\/p>\n<p>SINGUERLIN-PREBENJAMIN \u00a0\u00abC\u00bb<\/p>\n<p>Partit de rivalitat local el que ha de jugar el Singuerlin i els prebenjamins \u00abC\u00bb de la Fundaci\u00f3 Esportiva Grama. Un xoc que planteja tot tipus d&#8217;al\u00b7licients, per all\u00f2 de ser ve\u00efns de la ciutat de Santa Coloma. En qualsevol cas, si ens atenim a l&#8217;estad\u00edstica la Grama el t\u00e9 una millor carta de presentaci\u00f3, ja que es troba en vuitena posici\u00f3 amb 43 punts, mentre que el Singuerlin est\u00e0 en onz\u00e8 lloc amb 23 punts. Per tant la difer\u00e8ncia en favor dels blaus \u00e9s mes que notable. A m\u00e9s es d\u00f3na la circumst\u00e0ncia que la Grama ha aconseguit guanyar els seus \u00faltims tres partits, cosa que no ha aconseguit el Singuerlin, que nom\u00e9s ha pogut guanyar un i perdre els altres dos.<\/p>\n<p>Partido de rivalidad local el que tiene que jugar el Singuerlin y los prebenjamines \u00abC\u00bb de la Fundaci\u00f3 Esportiva Grama. Un choque que plantea todo tipo de alicientes, por aquello de ser vecinos de la ciudad de Santa Coloma. En cualquier caso, si nos atenemos a la estad\u00edstica la Grama lo tiene una mejor carta de presentaci\u00f3n, ya que se encuentra en octava posici\u00f3n con 43 puntos, mientras que el Singuerlin est\u00e1 en d\u00e9cimo primer lugar con 23 puntos. Por lo tanto la diferencia en favor de los azulados es mas que notable. Adem\u00e1s se da la circunstancia de que la Grama ha conseguido ganar sus \u00faltimos tres encuentros, cosa que no ha logrado el Singuerlin, que solo ha podido ganar uno y perder los otros dos.<\/p>\n<p><a href=\"http:\/\/fegrama.cat\/web\/wp-content\/uploads\/2014\/12\/PREBENJAM\u00cd-DFUNDACIO-GRAMA-SANTA-COLOMA1.jpg\"><img loading=\"lazy\" decoding=\"async\" class=\"aligncenter size-full wp-image-8474\" alt=\"PREBENJAM\u00cd DFUNDACIO GRAMA SANTA COLOMA\" src=\"http:\/\/fegrama.cat\/web\/wp-content\/uploads\/2014\/12\/PREBENJAM\u00cd-DFUNDACIO-GRAMA-SANTA-COLOMA1.jpg\" width=\"640\" height=\"480\" srcset=\"http:\/\/fegrama.cat\/web\/wp-content\/uploads\/2014\/12\/PREBENJAM\u00cd-DFUNDACIO-GRAMA-SANTA-COLOMA1.jpg 640w, http:\/\/fegrama.cat\/web\/wp-content\/uploads\/2014\/12\/PREBENJAM\u00cd-DFUNDACIO-GRAMA-SANTA-COLOMA1-300x225.jpg 300w\" sizes=\"auto, (max-width: 640px) 100vw, 640px\" \/><\/a><\/p>\n<p>PREBENJAMIN \u00abD\u00bb-POMAR<\/p>\n<p>Dif\u00edcil partit el que ha d&#8217;afrontar l&#8217;equip prebenjam\u00ed \u00abD\u00bb de la Fundaci\u00f3 Esportiva Grama, davant del Pomar. El matx es jugar\u00e0 al Municipal de Les Oliveres dissabte a les 13 hores. En aquesta ocasi\u00f3 els de Badalona arriben a aquest xoc ocupant una sisena posici\u00f3 amb 43 punts, mentre que la Fundaci\u00f3 figura en tretz\u00e8 lloc amb 25 punts. Tamb\u00e9 es d\u00f3na la coincid\u00e8ncia que els dos equips no han caminat molt regulars en els seus \u00faltims partits, recollint tota mena de resultats.<\/p>\n<p>Dif\u00edcil partido el que tiene que afrontar el equipo prebenjamin \u00abD\u00bb de la Fundaci\u00f3 Esportiva Grama, frente al Pomar. El encuentro se jugar\u00e1 en el Municipal de Les Oliveres el s\u00e1bado a las 13 horas. En esta ocasi\u00f3n los de Badalona llegan a este choque ocupando una sexta posici\u00f3n con 43 puntos, mientras que la Fundaci\u00f3 figura en d\u00e9cimo tercer lugar con 25 puntos. Tambi\u00e9n se da la coincidencia de que los dos equipos no han andado muy regulares en sus \u00faltimos partidos, cosechando todo tipo de resultados.<\/p>\n<p><a href=\"http:\/\/fegrama.cat\/web\/wp-content\/uploads\/2014\/11\/PREBENJAM\u00cd-EFUNDACIO-GRAMA-SANTA-COLOMA.jpg\"><img loading=\"lazy\" decoding=\"async\" class=\"aligncenter size-full wp-image-8362\" alt=\"PREBENJAM\u00cd E,titovilanova,FUNDACIO GRAMA SANTA COLOMA\" src=\"http:\/\/fegrama.cat\/web\/wp-content\/uploads\/2014\/11\/PREBENJAM\u00cd-EFUNDACIO-GRAMA-SANTA-COLOMA.jpg\" width=\"640\" height=\"480\" \/><\/a><\/p>\n<p>IMPERIO &#8211; PREBENJAMIN \u00abE\u00bb<\/p>\n<p>Bona oportunitat per al prebenjam\u00ed \u00abE\u00bb de la Fundaci\u00f3 Esportiva Grama en la seva visita al camp de l&#8217;Imperi. La difer\u00e8ncia entre un i altre equip en la classificaci\u00f3 \u00e9s notable i converteix els xavals de la Grama en favorits en aquest partit de rivalitat local. La traject\u00f2ria dels locals en aquesta ocasi\u00f3 va distant del que ha aconseguit l&#8217;equip de la Fundaci\u00f3 fins al moment. Tot sembla indicar que, excepte sorpresa, la possibilitat de puntuar en aquesta ocasi\u00f3 es decanta en favor dels blaus. El partit es jugar\u00e0 dissabte a partir de les 9.00 hores al Municipal de Can Zam.<\/p>\n<p>Buena oportunidad para el prebenjamin \u00abE\u00bb de la Fundaci\u00f3 Esportiva Grama en su visita al campo del Imperio. La diferencia entre uno y otro equipo en la clasificaci\u00f3n es notable y convierte a los chavales de la Grama en favoritos en este partido de rivalidad local. La trayectoria de los locales en esta ocasi\u00f3n anda distante de lo que ha conseguido el equipo de la Fundaci\u00f3 hasta el momento. Todo parece indicar que, salvo sorpresa, la posibilidad de puntuar en esta ocasi\u00f3n se decanta en favor de los azulados. El partido se jugar\u00e1 el s\u00e1bado a partir de las 9.00 horas en el Municipal de Can Zam.<\/p>\n<p>PREBENJAM\u00cdN \u00abE\u00bb &#8211; CONGR\u00c9S<\/p>\n<p>Interessant partit el que jugar\u00e0 el prebenjam\u00ed \u00abE\u00bb de la Fundaci\u00f3 Esportiva Grama diumenge que ve a les 10 hores, al Municipal de Les Oliveres. El rival de torn ser\u00e0 l&#8217;equip habitatges del Congr\u00e9s. En la teoria el quadre colomenc de sortir air\u00f3s si ens atenim al que la temporada ve donant de si. La Grama es troba en un quart lloc amb 48 punts, mentre que el Congr\u00e9s es mant\u00e9 a una llarga dist\u00e0ncia, ja que s&#8217;ha ubicat en una tretzena posici\u00f3 acumulant tan sols 16 punts.<\/p>\n<p>Interesante partido el que jugar\u00e1 el prebenjamin \u00abE\u00bb de la Fundaci\u00f3 Esportiva Grama el pr\u00f3ximo domingo a las 10 horas, en el Municipal de Les Oliveres. El rival de turno ser\u00e1 el equipo viviendas del Congreso. En la teor\u00eda el cuadro colomense debe salir airoso si nos atenemos a lo que la temporada viene dando de s\u00ed. La Grama se encuentra en un cuarto lugar con 48 puntos, mientras que el Congr\u00e9s se mantiene a una larga distancia, pues se ha ubicado en una d\u00e9cimo tercera posici\u00f3n acumulando tan s\u00f3lo 16 puntos.<\/p>\n","protected":false},"excerpt":{"rendered":"<p>PREBENJAMIN \u00abA\u00bb-PENYA BARCELONISTA CINCO COPAS Partit complicat el que ha de disputar l&#8217;equip prebenjam\u00ed \u00abA\u00bb de la Fundaci\u00f3 Esportiva Grama, contra la Penya Barcelonista Cinc Copes. Un xoc que es planteja amb una millor classificaci\u00f3 dels visitants en el campionat, encara que tampoc com per pensar que tenen tot al seu favor. La Grama, per [&hellip;]<\/p>\n","protected":false},"author":1,"featured_media":0,"comment_status":"closed","ping_status":"closed","sticky":false,"template":"","format":"standard","meta":{"footnotes":""},"categories":[4,12],"tags":[],"class_list":["post-11438","post","type-post","status-publish","format-standard","hentry","category-base-inclusiu","category-prebenjamins"],"_links":{"self":[{"href":"http:\/\/fegrama.cat\/web\/wp-json\/wp\/v2\/posts\/11438","targetHints":{"allow":["GET"]}}],"collection":[{"href":"http:\/\/fegrama.cat\/web\/wp-json\/wp\/v2\/posts"}],"about":[{"href":"http:\/\/fegrama.cat\/web\/wp-json\/wp\/v2\/types\/post"}],"author":[{"embeddable":true,"href":"http:\/\/fegrama.cat\/web\/wp-json\/wp\/v2\/users\/1"}],"replies":[{"embeddable":true,"href":"http:\/\/fegrama.cat\/web\/wp-json\/wp\/v2\/comments?post=11438"}],"version-history":[{"count":4,"href":"http:\/\/fegrama.cat\/web\/wp-json\/wp\/v2\/posts\/11438\/revisions"}],"predecessor-version":[{"id":11462,"href":"http:\/\/fegrama.cat\/web\/wp-json\/wp\/v2\/posts\/11438\/revisions\/11462"}],"wp:attachment":[{"href":"http:\/\/fegrama.cat\/web\/wp-json\/wp\/v2\/media?parent=11438"}],"wp:term":[{"taxonomy":"category","embeddable":true,"href":"http:\/\/fegrama.cat\/web\/wp-json\/wp\/v2\/categories?post=11438"},{"taxonomy":"post_tag","embeddable":true,"href":"http:\/\/fegrama.cat\/web\/wp-json\/wp\/v2\/tags?post=11438"}],"curies":[{"name":"wp","href":"https:\/\/api.w.org\/{rel}","templated":true}]}}