{"id":11221,"date":"2015-05-04T11:32:11","date_gmt":"2015-05-04T10:32:11","guid":{"rendered":"http:\/\/fegrama.cat\/web\/?p=11221"},"modified":"2015-05-04T18:02:07","modified_gmt":"2015-05-04T17:02:07","slug":"el-neurofutbol-va-golejar-a-lalevi-f-f-e-grama","status":"publish","type":"post","link":"http:\/\/fegrama.cat\/web\/el-neurofutbol-va-golejar-a-lalevi-f-f-e-grama\/","title":{"rendered":"El Neurofutbol va golejar a l&#8217;Alev\u00ed \u00abF\u00bb"},"content":{"rendered":"<p>Partit del que poques coses es poden explicar, perqu\u00e8 el marcador ho diu absolutament tot. El Neurof\u00fabol es va imposar al alev\u00ed \u00abF\u00bb de la Fundaci\u00f3 Esportiva Grama amb tota claredat.<\/p>\n<p>Va ser una d&#8217;aquelles jornades per passar p\u00e0gina, at\u00e8s que no hi ha res a oposar al marcador final. Hi ha dies torts i aquest va ser el que li va tocar viure a la Grama, que va intentar algunes coses, encara que va tenir davant a un conjunt superior.<\/p>\n<p>El resultat possiblement volumin\u00f3s, per\u00f2 res a objectar al respecte.<\/p>\n<p><a href=\"http:\/\/fegrama.cat\/web\/wp-content\/uploads\/2014\/12\/ALEV\u00cd-FFUNDACIO-GRAMA-SANTA-COLOMA.jpg\"><img loading=\"lazy\" decoding=\"async\" class=\"aligncenter size-full wp-image-8422\" alt=\"ALEV\u00cd FFUNDACIO GRAMA SANTA COLOMA\" src=\"http:\/\/fegrama.cat\/web\/wp-content\/uploads\/2014\/12\/ALEV\u00cd-FFUNDACIO-GRAMA-SANTA-COLOMA.jpg\" width=\"640\" height=\"480\" srcset=\"http:\/\/fegrama.cat\/web\/wp-content\/uploads\/2014\/12\/ALEV\u00cd-FFUNDACIO-GRAMA-SANTA-COLOMA.jpg 640w, http:\/\/fegrama.cat\/web\/wp-content\/uploads\/2014\/12\/ALEV\u00cd-FFUNDACIO-GRAMA-SANTA-COLOMA-300x225.jpg 300w\" sizes=\"auto, (max-width: 640px) 100vw, 640px\" \/><\/a><\/p>\n<p>Partido del que pocas cosas se pueden contar, porque el marcador lo dice absolutamente todo. El Neurof\u00fabol se impuso al alev\u00edn \u00abF\u00bb de la Fundaci\u00f3 Esportiva Grama con toda claridad.<\/p>\n<p>Fue una de aquellas jornadas para pasar p\u00e1gina, dado que no hay nada que oponer al marcador final. Hay d\u00edas torcidos y ese fue el que le toc\u00f3 vivir a la Grama, que intent\u00f3 algunas cosas, aunque tuvo enfrente a un conjunto superior.<\/p>\n<p>El resultado posiblemente abultado, pero nada que objetar al respecto.<\/p>\n","protected":false},"excerpt":{"rendered":"<p>Partit del que poques coses es poden explicar, perqu\u00e8 el marcador ho diu absolutament tot. El Neurof\u00fabol es va imposar al alev\u00ed \u00abF\u00bb de la Fundaci\u00f3 Esportiva Grama amb tota claredat. Va ser una d&#8217;aquelles jornades per passar p\u00e0gina, at\u00e8s que no hi ha res a oposar al marcador final. Hi ha dies torts i [&hellip;]<\/p>\n","protected":false},"author":1,"featured_media":8422,"comment_status":"closed","ping_status":"closed","sticky":false,"template":"","format":"standard","meta":{"footnotes":""},"categories":[10,4],"tags":[],"class_list":["post-11221","post","type-post","status-publish","format-standard","has-post-thumbnail","hentry","category-alevins","category-base-inclusiu"],"_links":{"self":[{"href":"http:\/\/fegrama.cat\/web\/wp-json\/wp\/v2\/posts\/11221","targetHints":{"allow":["GET"]}}],"collection":[{"href":"http:\/\/fegrama.cat\/web\/wp-json\/wp\/v2\/posts"}],"about":[{"href":"http:\/\/fegrama.cat\/web\/wp-json\/wp\/v2\/types\/post"}],"author":[{"embeddable":true,"href":"http:\/\/fegrama.cat\/web\/wp-json\/wp\/v2\/users\/1"}],"replies":[{"embeddable":true,"href":"http:\/\/fegrama.cat\/web\/wp-json\/wp\/v2\/comments?post=11221"}],"version-history":[{"count":3,"href":"http:\/\/fegrama.cat\/web\/wp-json\/wp\/v2\/posts\/11221\/revisions"}],"predecessor-version":[{"id":11227,"href":"http:\/\/fegrama.cat\/web\/wp-json\/wp\/v2\/posts\/11221\/revisions\/11227"}],"wp:featuredmedia":[{"embeddable":true,"href":"http:\/\/fegrama.cat\/web\/wp-json\/wp\/v2\/media\/8422"}],"wp:attachment":[{"href":"http:\/\/fegrama.cat\/web\/wp-json\/wp\/v2\/media?parent=11221"}],"wp:term":[{"taxonomy":"category","embeddable":true,"href":"http:\/\/fegrama.cat\/web\/wp-json\/wp\/v2\/categories?post=11221"},{"taxonomy":"post_tag","embeddable":true,"href":"http:\/\/fegrama.cat\/web\/wp-json\/wp\/v2\/tags?post=11221"}],"curies":[{"name":"wp","href":"https:\/\/api.w.org\/{rel}","templated":true}]}}