{"id":11216,"date":"2015-05-04T11:10:54","date_gmt":"2015-05-04T10:10:54","guid":{"rendered":"http:\/\/fegrama.cat\/web\/?p=11216"},"modified":"2015-05-04T17:30:53","modified_gmt":"2015-05-04T16:30:53","slug":"derrota-abultada-de-lalevi-h","status":"publish","type":"post","link":"http:\/\/fegrama.cat\/web\/derrota-abultada-de-lalevi-h\/","title":{"rendered":"Derrota abultada de l&#8217;Alev\u00ed \u00abH\u00bb"},"content":{"rendered":"<p>Resultat engany\u00f3s el registrat entre l&#8217;alev\u00ed \u00abH\u00bb de la Fundaci\u00f3 Esportiva Grama i l&#8217;equip dels Salesians. Un xoc que va comen\u00e7ar dominant el conjunt local amb tota claredat, generant for\u00e7a ocasions de gol, sense tenir la sort necess\u00e0ria en l&#8217;instant de concretar gr\u00e0cies a l&#8217;actuaci\u00f3 del porter visitant i als pals, que van impedir que els colomencs es posessin per davant en el marcador.<\/p>\n<p>passat aquest tram de partit, i amb una mica m\u00e9s d&#8217;encert, els locals, es van posar per davant en el marcador amb 2-1, per\u00f2 a partir d&#8217;aquest moment el joc dels Salesians es va revolucionar i marcador quatre vegades consecutives, situant el 2 -5. Un resultat pr\u00e0cticament inabastable, tot i que encara s&#8217;arribaria al 4-5 en el marcador. Despr\u00e9s d&#8217;aix\u00f2 les coses van canviar i van arribar els restants gols.<\/p>\n<p>Els golejadors del partit van ser Jean Paul i Ra\u00fal, tots dos van marcar un doblet per a la FEGrama. Sent volumin\u00f3s el resultat, cal dir en honor a la veritat, que la Fundaci\u00f3 no va mer\u00e8ixer un correctiu d&#8217;aquesta envergadura i que un resultat mes igualat, tamb\u00e9 hagu\u00e9s estat mes just.<\/p>\n<p><a href=\"http:\/\/fegrama.cat\/web\/wp-content\/uploads\/2014\/12\/ALEV\u00cd-HFUNDACIO-GRAMA-SANTA-COLOMA.jpg\"><img loading=\"lazy\" decoding=\"async\" class=\"aligncenter size-full wp-image-8427\" alt=\"ALEV\u00cd HFUNDACIO GRAMA SANTA COLOMA\" src=\"http:\/\/fegrama.cat\/web\/wp-content\/uploads\/2014\/12\/ALEV\u00cd-HFUNDACIO-GRAMA-SANTA-COLOMA.jpg\" width=\"640\" height=\"480\" srcset=\"http:\/\/fegrama.cat\/web\/wp-content\/uploads\/2014\/12\/ALEV\u00cd-HFUNDACIO-GRAMA-SANTA-COLOMA.jpg 640w, http:\/\/fegrama.cat\/web\/wp-content\/uploads\/2014\/12\/ALEV\u00cd-HFUNDACIO-GRAMA-SANTA-COLOMA-300x225.jpg 300w\" sizes=\"auto, (max-width: 640px) 100vw, 640px\" \/><\/a><\/p>\n<p>Resultado enga\u00f1oso el registrado entre el alev\u00edn \u00abH\u00bb de la Fundaci\u00f3 Esportiva Grama y el equipo de los Salesianos. Un choque que empez\u00f3 dominando el conjunto local con toda claridad, generando bastantes ocasiones de gol, sin tener la suerte necesaria en el instante de concretar gracias a la actuaci\u00f3n del meta visitante y a los palos, que impidieron que los colomenses se pusieran por delante en el marcador.<\/p>\n<p>pasado ese tramo de partido, y con algo mas de acierto, los locales, se pusieron por delante en el marcador con 2-1, pero a partir de ese momento el juego de los Salesianos se revolucion\u00f3 y marcador cuatro veces consecutivas, situando el 2-5. Un resultado pr\u00e1cticamente inalcanzable, aunque \u00a0a\u00fan se llegar\u00eda al 4-5 en el tanteador. Despu\u00e9s de eso las cosas cambiaron y llegaron los restantes goles.<\/p>\n<p>Los goleadores del partido fueron Jean Paul y Ra\u00fal, ambos marcaron un doblete para la F.E.Grama. Siendo abultado el resultado, \u00a0hay que decir en honor a la verdad, que la Fundaci\u00f3 no mereci\u00f3 un correctivo de esta envergadura y que un resultado mas igualado, tambi\u00e9n hubiera sido mas justo.<\/p>\n","protected":false},"excerpt":{"rendered":"<p>Resultat engany\u00f3s el registrat entre l&#8217;alev\u00ed \u00abH\u00bb de la Fundaci\u00f3 Esportiva Grama i l&#8217;equip dels Salesians. Un xoc que va comen\u00e7ar dominant el conjunt local amb tota claredat, generant for\u00e7a ocasions de gol, sense tenir la sort necess\u00e0ria en l&#8217;instant de concretar gr\u00e0cies a l&#8217;actuaci\u00f3 del porter visitant i als pals, que van impedir que [&hellip;]<\/p>\n","protected":false},"author":1,"featured_media":0,"comment_status":"closed","ping_status":"closed","sticky":false,"template":"","format":"standard","meta":{"footnotes":""},"categories":[10,4],"tags":[],"class_list":["post-11216","post","type-post","status-publish","format-standard","hentry","category-alevins","category-base-inclusiu"],"_links":{"self":[{"href":"http:\/\/fegrama.cat\/web\/wp-json\/wp\/v2\/posts\/11216","targetHints":{"allow":["GET"]}}],"collection":[{"href":"http:\/\/fegrama.cat\/web\/wp-json\/wp\/v2\/posts"}],"about":[{"href":"http:\/\/fegrama.cat\/web\/wp-json\/wp\/v2\/types\/post"}],"author":[{"embeddable":true,"href":"http:\/\/fegrama.cat\/web\/wp-json\/wp\/v2\/users\/1"}],"replies":[{"embeddable":true,"href":"http:\/\/fegrama.cat\/web\/wp-json\/wp\/v2\/comments?post=11216"}],"version-history":[{"count":2,"href":"http:\/\/fegrama.cat\/web\/wp-json\/wp\/v2\/posts\/11216\/revisions"}],"predecessor-version":[{"id":11222,"href":"http:\/\/fegrama.cat\/web\/wp-json\/wp\/v2\/posts\/11216\/revisions\/11222"}],"wp:attachment":[{"href":"http:\/\/fegrama.cat\/web\/wp-json\/wp\/v2\/media?parent=11216"}],"wp:term":[{"taxonomy":"category","embeddable":true,"href":"http:\/\/fegrama.cat\/web\/wp-json\/wp\/v2\/categories?post=11216"},{"taxonomy":"post_tag","embeddable":true,"href":"http:\/\/fegrama.cat\/web\/wp-json\/wp\/v2\/tags?post=11216"}],"curies":[{"name":"wp","href":"https:\/\/api.w.org\/{rel}","templated":true}]}}