{"id":11205,"date":"2015-05-04T16:17:33","date_gmt":"2015-05-04T15:17:33","guid":{"rendered":"http:\/\/fegrama.cat\/web\/?p=11205"},"modified":"2015-05-04T16:17:33","modified_gmt":"2015-05-04T15:17:33","slug":"el-prebenjami-b-va-caure-al-camp-del-badalonael-prebenjami-b-va-caure-al-camp-del-badalona","status":"publish","type":"post","link":"http:\/\/fegrama.cat\/web\/el-prebenjami-b-va-caure-al-camp-del-badalonael-prebenjami-b-va-caure-al-camp-del-badalona\/","title":{"rendered":"El Prebenjam\u00ed \u00abB\u00bb va caure al camp del Badalona"},"content":{"rendered":"<p>Partit molt complicat el que va jugar el prebenjam\u00ed \u00abB\u00bb de la Fundaci\u00f3 Esportiva Grama, en la visita al camp del Badalona. Un terreny de joc, dit sigui de passada, amb unes mesures molt redu\u00efdes que va complicar en algunes fases del partit el poder realitzar un bon futbol.<\/p>\n<p>Amb for\u00e7a igualtat en el joc, el Badalona, aconsegueix avan\u00e7ar-se al marcador amb un gol immerescut pels m\u00e8rits observats fins al moment.No obstant aix\u00f2, la Grama, va seguir totalment concentrada en efectuar un bon partit i als 18 minuts d&#8217;aquesta primera part arribava l&#8217;empat per als colomencs.<\/p>\n<p>A la segona part es van succeir les alternatives de cara a poder marcar, amb bones actuacions per part dels arquers, que van impedir que el resultats fora major tant en favor com en contra dels dos equips. Finalment 3-2 per al Badalona.<\/p>\n<p><a href=\"http:\/\/fegrama.cat\/web\/wp-content\/uploads\/2014\/12\/PREBENJAM\u00cd-BFUNDACIO-GRAMA-SANTA-COLOMA2.jpg\"><img loading=\"lazy\" decoding=\"async\" class=\"aligncenter size-full wp-image-8480\" alt=\"PREBENJAM\u00cd BFUNDACIO GRAMA SANTA COLOMA\" src=\"http:\/\/fegrama.cat\/web\/wp-content\/uploads\/2014\/12\/PREBENJAM\u00cd-BFUNDACIO-GRAMA-SANTA-COLOMA2.jpg\" width=\"640\" height=\"480\" srcset=\"http:\/\/fegrama.cat\/web\/wp-content\/uploads\/2014\/12\/PREBENJAM\u00cd-BFUNDACIO-GRAMA-SANTA-COLOMA2.jpg 640w, http:\/\/fegrama.cat\/web\/wp-content\/uploads\/2014\/12\/PREBENJAM\u00cd-BFUNDACIO-GRAMA-SANTA-COLOMA2-300x225.jpg 300w\" sizes=\"auto, (max-width: 640px) 100vw, 640px\" \/><\/a><\/p>\n<p>Partido muy complicado el que jug\u00f3 el prebenjamin \u00abB\u00bb de la Fundaci\u00f3 Esportiva Grama, en su visita al campo del Badalona. Un terreno de juego, dicho sea de paso, con unas medidas muy reducidas que complic\u00f3 en algunas fases del partido el poder realizar un buen f\u00fatbol.<\/p>\n<p>Con bastante igualdad en el juego, el Badalona, logra adelantarse en el marcador con un gol inmerecido por los m\u00e9ritos observados hasta el momento.Sin embargo, la Grama, sigui\u00f3 totalmente concentrada en efectuar un buen partido y a los 18 minutos de esta primera parte llegaba el empate para los colomenses.<\/p>\n<p>En la segunda parte se sucedieron las alternativas de cara a poder marcar, con buenas actuaciones por parte de los arqueros, que impidieron que el resultados fuera mayor tanto en favor como en contra de los dos equipos.<\/p>\n","protected":false},"excerpt":{"rendered":"<p>Partit molt complicat el que va jugar el prebenjam\u00ed \u00abB\u00bb de la Fundaci\u00f3 Esportiva Grama, en la visita al camp del Badalona. Un terreny de joc, dit sigui de passada, amb unes mesures molt redu\u00efdes que va complicar en algunes fases del partit el poder realitzar un bon futbol. Amb for\u00e7a igualtat en el joc, [&hellip;]<\/p>\n","protected":false},"author":1,"featured_media":0,"comment_status":"closed","ping_status":"closed","sticky":false,"template":"","format":"standard","meta":{"footnotes":""},"categories":[4,12],"tags":[],"class_list":["post-11205","post","type-post","status-publish","format-standard","hentry","category-base-inclusiu","category-prebenjamins"],"_links":{"self":[{"href":"http:\/\/fegrama.cat\/web\/wp-json\/wp\/v2\/posts\/11205","targetHints":{"allow":["GET"]}}],"collection":[{"href":"http:\/\/fegrama.cat\/web\/wp-json\/wp\/v2\/posts"}],"about":[{"href":"http:\/\/fegrama.cat\/web\/wp-json\/wp\/v2\/types\/post"}],"author":[{"embeddable":true,"href":"http:\/\/fegrama.cat\/web\/wp-json\/wp\/v2\/users\/1"}],"replies":[{"embeddable":true,"href":"http:\/\/fegrama.cat\/web\/wp-json\/wp\/v2\/comments?post=11205"}],"version-history":[{"count":2,"href":"http:\/\/fegrama.cat\/web\/wp-json\/wp\/v2\/posts\/11205\/revisions"}],"predecessor-version":[{"id":11210,"href":"http:\/\/fegrama.cat\/web\/wp-json\/wp\/v2\/posts\/11205\/revisions\/11210"}],"wp:attachment":[{"href":"http:\/\/fegrama.cat\/web\/wp-json\/wp\/v2\/media?parent=11205"}],"wp:term":[{"taxonomy":"category","embeddable":true,"href":"http:\/\/fegrama.cat\/web\/wp-json\/wp\/v2\/categories?post=11205"},{"taxonomy":"post_tag","embeddable":true,"href":"http:\/\/fegrama.cat\/web\/wp-json\/wp\/v2\/tags?post=11205"}],"curies":[{"name":"wp","href":"https:\/\/api.w.org\/{rel}","templated":true}]}}