{"id":11203,"date":"2015-05-04T16:20:12","date_gmt":"2015-05-04T15:20:12","guid":{"rendered":"http:\/\/fegrama.cat\/web\/?p=11203"},"modified":"2015-05-04T16:20:12","modified_gmt":"2015-05-04T15:20:12","slug":"el-prebenjami-a-va-empatar-a-casa","status":"publish","type":"post","link":"http:\/\/fegrama.cat\/web\/el-prebenjami-a-va-empatar-a-casa\/","title":{"rendered":"El Prebenjam\u00ed \u00abA\u00bb va empatar a casa"},"content":{"rendered":"<div id=\"gt-res-content\">\n<div dir=\"ltr\">Partit molt disputat el que van jugar el prebenjam\u00ed \u00abA de la Fundaci\u00f3 Esportiva Grama i el Badalona. Un xoc en qu\u00e8 no es va donar treva per part dels dos equips que van pr\u00e9mer en tot moment. La veritat \u00e9s que la Grama, va jugar un partid\u00e0s i va mer\u00e8ixer un marcador m\u00e9s favorable.<\/p>\n<p>De totes maneres, el rival de torn, va posar les coses dif\u00edcils, encara que la veritat \u00e9s que si alg\u00fa va mer\u00e8ixer guanyar el partit, aquest equip va ser el conjunt colomenc. Els m\u00e8rits contrets pels blaus, van pesar molt m\u00e9s que el futbol desplegat pel Badalona. Per\u00f2, b\u00e9, de vegades no es recull la recompensa adequada en funci\u00f3 del treball realitzat.<\/p><\/div>\n<\/div>\n<p><a href=\"http:\/\/fegrama.cat\/web\/wp-content\/uploads\/2014\/12\/PREBENJAM\u00cd-AFUNDACIO-GRAMA-SANTA-COLOMA1.jpg\"><img loading=\"lazy\" decoding=\"async\" class=\"aligncenter size-full wp-image-8483\" alt=\"PREBENJAM\u00cd AFUNDACIO GRAMA SANTA COLOMA\" src=\"http:\/\/fegrama.cat\/web\/wp-content\/uploads\/2014\/12\/PREBENJAM\u00cd-AFUNDACIO-GRAMA-SANTA-COLOMA1.jpg\" width=\"640\" height=\"480\" srcset=\"http:\/\/fegrama.cat\/web\/wp-content\/uploads\/2014\/12\/PREBENJAM\u00cd-AFUNDACIO-GRAMA-SANTA-COLOMA1.jpg 640w, http:\/\/fegrama.cat\/web\/wp-content\/uploads\/2014\/12\/PREBENJAM\u00cd-AFUNDACIO-GRAMA-SANTA-COLOMA1-300x225.jpg 300w\" sizes=\"auto, (max-width: 640px) 100vw, 640px\" \/><\/a><\/p>\n<p>Partido muy disputado el que jugaron el prebenjamin \u00abA de la Fundaci\u00f3 Esportiva Grama y el Badalona. Un choque en el que no se dio tregua por parte de los dos equipos que apretaron en todo momento. La verdad es que la Grama, jug\u00f3 un partidazo y mereci\u00f3 un marcador mas favorable.<\/p>\n<p>De todos modos, el rival de turno, puso las cosas dif\u00edciles, aunque la verdad es que si alguien mereci\u00f3 ganar el partido, ese equipo fue el conjunto colomense. Los m\u00e9ritos contra\u00eddos por los azulados, pesaron mucho mas que el f\u00fatbol desplegado por el Badalona. Pero, bueno, a veces no se recoge la recompensa adecuada en funci\u00f3n del trabajo realizado.<\/p>\n","protected":false},"excerpt":{"rendered":"<p>Partit molt disputat el que van jugar el prebenjam\u00ed \u00abA de la Fundaci\u00f3 Esportiva Grama i el Badalona. Un xoc en qu\u00e8 no es va donar treva per part dels dos equips que van pr\u00e9mer en tot moment. La veritat \u00e9s que la Grama, va jugar un partid\u00e0s i va mer\u00e8ixer un marcador m\u00e9s favorable. [&hellip;]<\/p>\n","protected":false},"author":1,"featured_media":0,"comment_status":"closed","ping_status":"closed","sticky":false,"template":"","format":"standard","meta":{"footnotes":""},"categories":[4,12],"tags":[],"class_list":["post-11203","post","type-post","status-publish","format-standard","hentry","category-base-inclusiu","category-prebenjamins"],"_links":{"self":[{"href":"http:\/\/fegrama.cat\/web\/wp-json\/wp\/v2\/posts\/11203","targetHints":{"allow":["GET"]}}],"collection":[{"href":"http:\/\/fegrama.cat\/web\/wp-json\/wp\/v2\/posts"}],"about":[{"href":"http:\/\/fegrama.cat\/web\/wp-json\/wp\/v2\/types\/post"}],"author":[{"embeddable":true,"href":"http:\/\/fegrama.cat\/web\/wp-json\/wp\/v2\/users\/1"}],"replies":[{"embeddable":true,"href":"http:\/\/fegrama.cat\/web\/wp-json\/wp\/v2\/comments?post=11203"}],"version-history":[{"count":2,"href":"http:\/\/fegrama.cat\/web\/wp-json\/wp\/v2\/posts\/11203\/revisions"}],"predecessor-version":[{"id":11211,"href":"http:\/\/fegrama.cat\/web\/wp-json\/wp\/v2\/posts\/11203\/revisions\/11211"}],"wp:attachment":[{"href":"http:\/\/fegrama.cat\/web\/wp-json\/wp\/v2\/media?parent=11203"}],"wp:term":[{"taxonomy":"category","embeddable":true,"href":"http:\/\/fegrama.cat\/web\/wp-json\/wp\/v2\/categories?post=11203"},{"taxonomy":"post_tag","embeddable":true,"href":"http:\/\/fegrama.cat\/web\/wp-json\/wp\/v2\/tags?post=11203"}],"curies":[{"name":"wp","href":"https:\/\/api.w.org\/{rel}","templated":true}]}}