{"id":11197,"date":"2015-05-04T12:47:04","date_gmt":"2015-05-04T11:47:04","guid":{"rendered":"http:\/\/fegrama.cat\/web\/?p=11197"},"modified":"2015-05-04T12:52:03","modified_gmt":"2015-05-04T11:52:03","slug":"lalevi-a-guanya-i-aconsegueix-la-permanencia","status":"publish","type":"post","link":"http:\/\/fegrama.cat\/web\/lalevi-a-guanya-i-aconsegueix-la-permanencia\/","title":{"rendered":"L&#8217;Alev\u00ed \u00abA\u00bb guanya i aconsegueix la perman\u00e8ncia"},"content":{"rendered":"<p>Partit competit i dur el disputat per l&#8217;alev\u00ed \u00abA\u00bb de la Fundaci\u00f3 Esportiva Grama, al camp del Mollet. Un amfitri\u00f3 que es jugava la perman\u00e8ncia, el que feia especular amb la possibilitat d&#8217;un xoc en el qual la for\u00e7a f\u00edsica prevalgu\u00e9s durant la confrontaci\u00f3, i si a aix\u00f2 li sumem la calor terrible, tot aix\u00f2 es convertia en una barreja pesada.<\/p>\n<p>El joc per part de la Grama, no va ser brillant, per\u00f2 si efectiu, el que va aportar ocasions de gol de manera r\u00e0pida, com la protagonitzada per Angel, que despr\u00e9s d&#8217;una genialitat al llan\u00e7ar una falta lateral rasa va enviar la pilota a Pau perqu\u00e8 remat\u00e9s a gol al primer pal.<\/p>\n<p>El Mollet va tenir alguna ocasi\u00f3, encara que sense cap tipus d&#8217;encert, mentre que la Grama, amb aquest futbol pr\u00e0ctic va aconseguir augmentar el seu avantatge en el marcador, despr\u00e9s d&#8217;una acci\u00f3 a pilota aturada que Pau, novament, convertia en la segona diana visitant.<\/p>\n<p>La cosa semblava encarrilada, per\u00f2, iniciat el segon temps els locals aconseguien escur\u00e7ar dist\u00e0ncies, situant el 1-2. Poc despr\u00e9s, la Grama, tornava a ampliar el seu compte amb l&#8217;1-3, per\u00f2 el Mollet sense rendir-se en cap instant escur\u00e7aria de nou dist\u00e0ncies, situant el 2-3 al marcador.<\/p>\n<p>Amb tot aquest enrenou al marcador, la Fundaci\u00f3, va saber mantenir la calma i no perdre mai el nord, el que va propiciar l&#8217;arribada del quart gol colomenc, deixant el marcador en aquest 2-4 definitiu.<\/p>\n<p><a href=\"http:\/\/fegrama.cat\/web\/wp-content\/uploads\/2014\/12\/ALEV\u00cd-AFUNDACIO-GRAMA-SANTA-COLOMA.jpg\"><img loading=\"lazy\" decoding=\"async\" class=\"aligncenter size-full wp-image-8444\" alt=\"ALEV\u00cd AFUNDACIO GRAMA SANTA COLOMA\" src=\"http:\/\/fegrama.cat\/web\/wp-content\/uploads\/2014\/12\/ALEV\u00cd-AFUNDACIO-GRAMA-SANTA-COLOMA.jpg\" width=\"640\" height=\"480\" srcset=\"http:\/\/fegrama.cat\/web\/wp-content\/uploads\/2014\/12\/ALEV\u00cd-AFUNDACIO-GRAMA-SANTA-COLOMA.jpg 640w, http:\/\/fegrama.cat\/web\/wp-content\/uploads\/2014\/12\/ALEV\u00cd-AFUNDACIO-GRAMA-SANTA-COLOMA-300x225.jpg 300w\" sizes=\"auto, (max-width: 640px) 100vw, 640px\" \/><\/a><\/p>\n<p>Partido competido y duro el disputado por el alev\u00edn \u00abA\u00bb de la Fundaci\u00f3 Esportiva Grama, en el campo del Mollet. Un anfitri\u00f3n que se jugaba la permanencia, lo que hac\u00eda especular con la posibilidad de un choque en el que la fuerza f\u00edsica prevaleciera durante la confrontaci\u00f3n, y si a ello le sumamos el calor terrible, todo ello se convert\u00eda en una mezcla pesada.<\/p>\n<p>El juego por parte de la Grama, no fue brillante, pero si efectivo, lo que aport\u00f3 ocasiones de gol de manera r\u00e1pida, como la protagonizada por Angel, que tras una genialidad al lanzar una falta lateral rasa envi\u00f3 el bal\u00f3n a Pau para que rematara a gol en el primer palo.<\/p>\n<p>El Mollet tuvo alguna ocasi\u00f3n, aunque sin ning\u00fan tipo de acierto, mientras que la Grama, con ese f\u00fatbol pr\u00e1ctico logr\u00f3 aumentar su ventaja en el marcador, tras una acci\u00f3n a bal\u00f3n parado que Pau, nuevamente, convert\u00eda en la segunda diana visitante.<\/p>\n<p>La cosa parec\u00eda encarrilada, sin embargo, iniciado el segundo tiempo los locales consegu\u00edan acortar distancias, situando el 1-2. Poco despu\u00e9s, la Grama, volv\u00eda a ampliar su cuenta con el 1-3, pero el Mollet sin rendirse en ning\u00fan instante acortar\u00eda de nuevo distancias, situando el 2-3 en el tanteador.<\/p>\n<p>Con todo ese ajetreo en el marcador, la Fundaci\u00f3, supo mantener la calma y no perder nunca el norte, lo que propici\u00f3 la llegada del cuarto gol colomense, dejando el marcador en ese 2-4 definitivo.<\/p>\n","protected":false},"excerpt":{"rendered":"<p>Partit competit i dur el disputat per l&#8217;alev\u00ed \u00abA\u00bb de la Fundaci\u00f3 Esportiva Grama, al camp del Mollet. Un amfitri\u00f3 que es jugava la perman\u00e8ncia, el que feia especular amb la possibilitat d&#8217;un xoc en el qual la for\u00e7a f\u00edsica prevalgu\u00e9s durant la confrontaci\u00f3, i si a aix\u00f2 li sumem la calor terrible, tot aix\u00f2 [&hellip;]<\/p>\n","protected":false},"author":1,"featured_media":0,"comment_status":"closed","ping_status":"closed","sticky":false,"template":"","format":"standard","meta":{"footnotes":""},"categories":[10,4],"tags":[],"class_list":["post-11197","post","type-post","status-publish","format-standard","hentry","category-alevins","category-base-inclusiu"],"_links":{"self":[{"href":"http:\/\/fegrama.cat\/web\/wp-json\/wp\/v2\/posts\/11197","targetHints":{"allow":["GET"]}}],"collection":[{"href":"http:\/\/fegrama.cat\/web\/wp-json\/wp\/v2\/posts"}],"about":[{"href":"http:\/\/fegrama.cat\/web\/wp-json\/wp\/v2\/types\/post"}],"author":[{"embeddable":true,"href":"http:\/\/fegrama.cat\/web\/wp-json\/wp\/v2\/users\/1"}],"replies":[{"embeddable":true,"href":"http:\/\/fegrama.cat\/web\/wp-json\/wp\/v2\/comments?post=11197"}],"version-history":[{"count":2,"href":"http:\/\/fegrama.cat\/web\/wp-json\/wp\/v2\/posts\/11197\/revisions"}],"predecessor-version":[{"id":11208,"href":"http:\/\/fegrama.cat\/web\/wp-json\/wp\/v2\/posts\/11197\/revisions\/11208"}],"wp:attachment":[{"href":"http:\/\/fegrama.cat\/web\/wp-json\/wp\/v2\/media?parent=11197"}],"wp:term":[{"taxonomy":"category","embeddable":true,"href":"http:\/\/fegrama.cat\/web\/wp-json\/wp\/v2\/categories?post=11197"},{"taxonomy":"post_tag","embeddable":true,"href":"http:\/\/fegrama.cat\/web\/wp-json\/wp\/v2\/tags?post=11197"}],"curies":[{"name":"wp","href":"https:\/\/api.w.org\/{rel}","templated":true}]}}