{"id":11190,"date":"2015-05-04T11:44:07","date_gmt":"2015-05-04T10:44:07","guid":{"rendered":"http:\/\/fegrama.cat\/web\/?p=11190"},"modified":"2015-05-04T11:44:07","modified_gmt":"2015-05-04T10:44:07","slug":"el-cadet-c-li-fica-una-maneta-al-sant-ignasi","status":"publish","type":"post","link":"http:\/\/fegrama.cat\/web\/el-cadet-c-li-fica-una-maneta-al-sant-ignasi\/","title":{"rendered":"El Cadet \u00abC\u00bb li fica una &#8216;maneta&#8217; al Sant Ignasi"},"content":{"rendered":"<p>Partit menys brillant si ho comparem amb el disputat la passada jornada per part del cadet \u00abC\u00bb de la Fundaci\u00f3 Esportiva Grama, per\u00f2 suficient com per aconseguir una vict\u00f2ria folgada davant un rival inc\u00f2mode com el Sant Ignasi.<\/p>\n<p>A la primera part ja es va posar de manifest la superioritat local i van comen\u00e7ar a arribar els gols a favor de la Grama. El mprimero, va ser una jugada de Mart\u00edn per banda dreta, centrant perqu\u00e8 Morales pos\u00e9s el 0-1. Poc despr\u00e9s en una acci\u00f3 individual de Johathan, arribaria el segon.<\/p>\n<p>Encara que els colomenes van estar menys precisos que en altres ocasions, faltant un tant de creativitat, a la zona de definici\u00f3, si b\u00e9 \u00e9s cert que van ser precisos en els canvis d&#8217;orientaci\u00f3.<\/p>\n<p>A la segona part van millorar les coses en el joc, for\u00e7ant el joc per banda i trepitjant l&#8217;\u00e0rea contr\u00e0ria amb m\u00e9s facilitat, fins al punt que els visitants nom\u00e9s van arribar al portal local en una ocasi\u00f3. Els blaus van ampliar el seu compte, i van tancar el partit amb aquest 5-0.<\/p>\n<p><a href=\"http:\/\/fegrama.cat\/web\/wp-content\/uploads\/2014\/12\/CADET-CFUNDACIO-GRAMA-SANTA-COLOMA2.jpg\"><img loading=\"lazy\" decoding=\"async\" class=\"aligncenter size-full wp-image-8386\" alt=\"CADET CFUNDACIO GRAMA SANTA COLOMA\" src=\"http:\/\/fegrama.cat\/web\/wp-content\/uploads\/2014\/12\/CADET-CFUNDACIO-GRAMA-SANTA-COLOMA2.jpg\" width=\"640\" height=\"480\" srcset=\"http:\/\/fegrama.cat\/web\/wp-content\/uploads\/2014\/12\/CADET-CFUNDACIO-GRAMA-SANTA-COLOMA2.jpg 640w, http:\/\/fegrama.cat\/web\/wp-content\/uploads\/2014\/12\/CADET-CFUNDACIO-GRAMA-SANTA-COLOMA2-300x225.jpg 300w\" sizes=\"auto, (max-width: 640px) 100vw, 640px\" \/><\/a><\/p>\n<p>Partido menos brillante si lo comparamos con el disputado la pasada jornada por parte del cadete \u00abC\u00bb de la Fundaci\u00f3 Esportiva Grama, pero suficiente como para conseguir una victoria desahogada frente a un rival inc\u00f3modo como el Sant Ignasi.<\/p>\n<p>En la primera parte ya se puso de manifiesto la superioridad local y empezaron a llegar los goles en favor de la Grama. El mprimero, fue una jugada de Mart\u00edn por banda derecha, centrando para que Morales pusiera el 0-1. Poco despu\u00e9s en una acci\u00f3n individual de Johathan, llegar\u00eda el segundo.<\/p>\n<p>Aunque los colomenes estuvieron menos precisos que en otras ocasiones, faltando un tanto de creatividad, en la zona de definici\u00f3n, si bien es cierto que fueron certeros en los cambios de orientaci\u00f3n.<\/p>\n<p>En la segunda parte mejoraron las cosas en el juego, forzando el juego por banda y pisando el \u00e1rea contraria con mas facilidad, hasta el punto que los visitantes solo llegaron al portal local en una ocasi\u00f3n. Los azulados ampliaron su cuenta, y cerraron el partido con ese 5-0.<\/p>\n","protected":false},"excerpt":{"rendered":"<p>Partit menys brillant si ho comparem amb el disputat la passada jornada per part del cadet \u00abC\u00bb de la Fundaci\u00f3 Esportiva Grama, per\u00f2 suficient com per aconseguir una vict\u00f2ria folgada davant un rival inc\u00f2mode com el Sant Ignasi. A la primera part ja es va posar de manifest la superioritat local i van comen\u00e7ar a [&hellip;]<\/p>\n","protected":false},"author":1,"featured_media":0,"comment_status":"closed","ping_status":"closed","sticky":false,"template":"","format":"standard","meta":{"footnotes":""},"categories":[4,7],"tags":[],"class_list":["post-11190","post","type-post","status-publish","format-standard","hentry","category-base-inclusiu","category-cadets"],"_links":{"self":[{"href":"http:\/\/fegrama.cat\/web\/wp-json\/wp\/v2\/posts\/11190","targetHints":{"allow":["GET"]}}],"collection":[{"href":"http:\/\/fegrama.cat\/web\/wp-json\/wp\/v2\/posts"}],"about":[{"href":"http:\/\/fegrama.cat\/web\/wp-json\/wp\/v2\/types\/post"}],"author":[{"embeddable":true,"href":"http:\/\/fegrama.cat\/web\/wp-json\/wp\/v2\/users\/1"}],"replies":[{"embeddable":true,"href":"http:\/\/fegrama.cat\/web\/wp-json\/wp\/v2\/comments?post=11190"}],"version-history":[{"count":2,"href":"http:\/\/fegrama.cat\/web\/wp-json\/wp\/v2\/posts\/11190\/revisions"}],"predecessor-version":[{"id":11201,"href":"http:\/\/fegrama.cat\/web\/wp-json\/wp\/v2\/posts\/11190\/revisions\/11201"}],"wp:attachment":[{"href":"http:\/\/fegrama.cat\/web\/wp-json\/wp\/v2\/media?parent=11190"}],"wp:term":[{"taxonomy":"category","embeddable":true,"href":"http:\/\/fegrama.cat\/web\/wp-json\/wp\/v2\/categories?post=11190"},{"taxonomy":"post_tag","embeddable":true,"href":"http:\/\/fegrama.cat\/web\/wp-json\/wp\/v2\/tags?post=11190"}],"curies":[{"name":"wp","href":"https:\/\/api.w.org\/{rel}","templated":true}]}}