{"id":11184,"date":"2015-05-03T18:15:31","date_gmt":"2015-05-03T17:15:31","guid":{"rendered":"http:\/\/fegrama.cat\/web\/?p=11184"},"modified":"2015-05-04T18:34:29","modified_gmt":"2015-05-04T17:34:29","slug":"el-juvenil-b-va-perdre-el-derbi-colomenc","status":"publish","type":"post","link":"http:\/\/fegrama.cat\/web\/el-juvenil-b-va-perdre-el-derbi-colomenc\/","title":{"rendered":"El Juvenil \u00abB\u00bb va perdre el derbi colomenc"},"content":{"rendered":"<p>Derbi al Nou Municipal de Santa Coloma, protagonitzat pel juvenil \u00abB\u00bb de la Fundaci\u00f3 Esportiva Grama i el CD Arrabal-Calaf de Gramenet, amb resultat favorable per als visitants (1-3).<\/p>\n<p>El partit es va iniciar amb un lleuger domini dels locals, intentant combinar i entrar per les bandes, el seu suposat punt feble, encara que si aconseguir l&#8217;\u00e8xit desitjat en les arribades. Mentre el control corresponia a la Grama, el Raval, es dedicava a jugar amb pilotes llargues, un joc directe que li va crear bastant complicacions als locals. De fet en un c\u00f3rner errat pel juvenil \u00abB\u00bb, suposa una contra i es converteix en el o-1.<\/p>\n<p>El joc es segueix desenvolupant amb un futbol ins\u00edpid i sense brillantor per part dels dos equips. La Grama, mantenen el seu estil sense cap tipus de beneficis i el Raval, segueix en la seva l\u00ednia de jugar amb pilotes directes, circumst\u00e0ncia que aprofiten per situar el 0-2 al marcador. La mateixa hist\u00f2ria es repeteix en el 0-3 despr\u00e9s d&#8217;una distracci\u00f3 dels xavals de la Fundaci\u00f3.<\/p>\n<p>Quedant poc per a la conclusi\u00f3 del xoc, es produeix l&#8217;\u00fanic gol local, establint el 1-3 definitiu. En fi un partit per oblidar, amb un tipus de futbol avorrit, del que va sortir beneficiat l&#8217;Arrabal.<\/p>\n<p><a href=\"http:\/\/fegrama.cat\/web\/wp-content\/uploads\/2014\/12\/JUVENIL-B-2FUNDACIO-GRAMA-SANTA-COLOMA.jpg\"><img loading=\"lazy\" decoding=\"async\" class=\"aligncenter size-full wp-image-8380\" alt=\"JUVENIL B (2)FUNDACIO GRAMA SANTA COLOMA\" src=\"http:\/\/fegrama.cat\/web\/wp-content\/uploads\/2014\/12\/JUVENIL-B-2FUNDACIO-GRAMA-SANTA-COLOMA.jpg\" width=\"640\" height=\"480\" \/><\/a><\/p>\n<p>Derbi en el Nou Municipal de Santa Coloma, protagonizado por el juvenil \u00abB\u00bb de la Fundaci\u00f3 Esportiva Grama y el Arrabal, con resultado favorable para los visitantes.<\/p>\n<p>El partido se inici\u00f3 con un ligero dominio de los locales, intentando combinar y entrar por las bandas, su supuesto punto d\u00e9bil, aunque si conseguir el \u00e9xito deseado en las llegadas. Mientras el control correspond\u00eda a la Grama, el Arrabal, se dedicaba a jugar con balones largos, un juego directo que le cre\u00f3 bastante complicaciones a los locales. De hecho en un c\u00f3rner errado por el juvenil \u00abB\u00bb, supone una contra y se convierte en el o-1.<\/p>\n<p>El juego se sigue desarrollando con un f\u00fatbol soso y sin brillantez por parte de los dos equipos. La Grama, mantienen su estilo sin ning\u00fan tipo de beneficios y el Arrabal, sigue en su linea de jugar con balones directos, circunstancia que aprovechan para situar el 0-2 en el marcador. La misma historia se repite en el 0-3 tras una distracci\u00f3n de los chavales de la Fundaci\u00f3.<\/p>\n<p>Quedando poco para la conclusi\u00f3n del choque, se produce el \u00fanico gol local, estableciendo el 1-3 definitivo. En fin un partido para olvidar, con un tipo de f\u00fatbol aburrido, del que sali\u00f3 beneficiado \u00a0el Arrabal.<\/p>\n","protected":false},"excerpt":{"rendered":"<p>Derbi al Nou Municipal de Santa Coloma, protagonitzat pel juvenil \u00abB\u00bb de la Fundaci\u00f3 Esportiva Grama i el CD Arrabal-Calaf de Gramenet, amb resultat favorable per als visitants (1-3). El partit es va iniciar amb un lleuger domini dels locals, intentant combinar i entrar per les bandes, el seu suposat punt feble, encara que si [&hellip;]<\/p>\n","protected":false},"author":1,"featured_media":0,"comment_status":"closed","ping_status":"closed","sticky":false,"template":"","format":"standard","meta":{"footnotes":""},"categories":[4,6],"tags":[],"class_list":["post-11184","post","type-post","status-publish","format-standard","hentry","category-base-inclusiu","category-juvenils"],"_links":{"self":[{"href":"http:\/\/fegrama.cat\/web\/wp-json\/wp\/v2\/posts\/11184","targetHints":{"allow":["GET"]}}],"collection":[{"href":"http:\/\/fegrama.cat\/web\/wp-json\/wp\/v2\/posts"}],"about":[{"href":"http:\/\/fegrama.cat\/web\/wp-json\/wp\/v2\/types\/post"}],"author":[{"embeddable":true,"href":"http:\/\/fegrama.cat\/web\/wp-json\/wp\/v2\/users\/1"}],"replies":[{"embeddable":true,"href":"http:\/\/fegrama.cat\/web\/wp-json\/wp\/v2\/comments?post=11184"}],"version-history":[{"count":2,"href":"http:\/\/fegrama.cat\/web\/wp-json\/wp\/v2\/posts\/11184\/revisions"}],"predecessor-version":[{"id":11209,"href":"http:\/\/fegrama.cat\/web\/wp-json\/wp\/v2\/posts\/11184\/revisions\/11209"}],"wp:attachment":[{"href":"http:\/\/fegrama.cat\/web\/wp-json\/wp\/v2\/media?parent=11184"}],"wp:term":[{"taxonomy":"category","embeddable":true,"href":"http:\/\/fegrama.cat\/web\/wp-json\/wp\/v2\/categories?post=11184"},{"taxonomy":"post_tag","embeddable":true,"href":"http:\/\/fegrama.cat\/web\/wp-json\/wp\/v2\/tags?post=11184"}],"curies":[{"name":"wp","href":"https:\/\/api.w.org\/{rel}","templated":true}]}}