{"id":11176,"date":"2015-05-04T10:20:22","date_gmt":"2015-05-04T09:20:22","guid":{"rendered":"http:\/\/fegrama.cat\/web\/?p=11176"},"modified":"2015-05-04T10:20:22","modified_gmt":"2015-05-04T09:20:22","slug":"derrota-en-lultima-jornada-vuite-lloc-per-a-linfantil-alevi","status":"publish","type":"post","link":"http:\/\/fegrama.cat\/web\/derrota-en-lultima-jornada-vuite-lloc-per-a-linfantil-alevi\/","title":{"rendered":"Derrota en l&#8217;\u00faltima jornada, vuit\u00e8 lloc per a l&#8217;Infantil-Alev\u00ed"},"content":{"rendered":"<p>S&#8217;ha acabat la temporada de l&#8217;Infantil-Alev\u00ed Femen\u00ed, es tanca amb una derrota al Nou Municipal de Santa Coloma. Les noies de Joshua Dom\u00ednguez van donar la cara en tot moment per\u00f2 van acabar perdent 1-4 davant el Joventut 25 set.<\/p>\n<p>El tercer classificat ja no es jugava res mentre que les colomenques si guanyaven podien acabar en setena posici\u00f3, finalment un vuit\u00e8 lloc per a la Fundaci\u00f3. Des del principi la Grama va comen\u00e7ar fort aturant un joc molt f\u00edsic de l&#8217;equip rival, malauradament el cansament faria estralls en les nostres jugadores.<\/p>\n<p>Tot i el resultat les noies van seguir jugant a futbol com elles saben, aquest bon joc que han estat realitzant tota la temporada; al final la insist\u00e8ncia nom\u00e9s va suposar un gol, Ana Abad marcava el definitiu 1-4.<\/p>\n<p><span style=\"text-decoration: underline;\"><strong>Torneig de Berga<\/strong><\/span><br \/>\nLes infantils-alevins van jugar divendres el torneig i ho van fer realitzant un bon paper davant uns rivals majors en edat i cos, per\u00f2 no en joc. Les noies van quedar quartes empatades a punts amb les terceres; les nostres van ser l&#8217;Equip menys golejat del campionat. Aquests van ser els resultats obtinguts:<\/p>\n<p style=\"text-align: center;\">\nBerga 0-0 F.E.Grama \/ Guineueta 0-0 F.E.Grama \/ Suburense 1-0 F.E.Grama \/ Espanyol 0-0 F.E.Grama<\/p>\n<p><a href=\"http:\/\/fegrama.cat\/web\/wp-content\/uploads\/2015\/05\/infalevclasfin2015.jpg\"><img loading=\"lazy\" decoding=\"async\" class=\"aligncenter size-full wp-image-11178\" alt=\"infalevclasfin2015\" src=\"http:\/\/fegrama.cat\/web\/wp-content\/uploads\/2015\/05\/infalevclasfin2015.jpg\" width=\"1227\" height=\"330\" \/><\/a><\/p>\n<p>Se acab\u00f3 la temporada del Infantil-Alev\u00edn Femenino, se cierra con una derrota en el Nou Municipal de Santa Coloma. Las chicas de Joshua Dom\u00ednguez dieron la cara en todo momento pero acabaron perdiendo 1-4 ante el Juventud 25 de Septiembre.<\/p>\n<p>El tercer clasificado ya no se jugaba nada mientras que las colomenses si ganaban pod\u00edan acabar en s\u00e9ptima posici\u00f3n, finalmente un octavo puesto para la Fundaci\u00f3. Desde el principio la Grama empez\u00f3 fuerte parando un juego muy f\u00edsico del equipo rival, desgraciadamente el cansancio har\u00eda estragos en nuestras jugadoras.\u00a0A pesar del resultado las chicas siguieron jugando al f\u00fatbol como ellas saben, ese buen juego que han estado realizando toda la temporada; al final la insistencia solo supuso un gol, Ana Abad marcaba el definitivo 1-4.<\/p>\n<p>Torneo de Berga<\/p>\n<p>Las infantiles-alevinas jugaron el viernes el torneo y lo hicieron realizando un buen papel ante unos rivales mayores en edad y cuerpo, pero no en juego. Las chicas quedaron cuartas empatadas a puntos con las terceras; las nuestras fueron el Equipo menos goleado del campeonato. Estos fueron los resultados obtenidos:<\/p>\n<p>Berga 0-0 FEGrama \/ Guineueta 0-0 FEGrama \/ Suburense 1-0 FEGrama \/ Espa\u00f1ol 0-0 FEGrama<\/p>\n","protected":false},"excerpt":{"rendered":"<p>S&#8217;ha acabat la temporada de l&#8217;Infantil-Alev\u00ed Femen\u00ed, es tanca amb una derrota al Nou Municipal de Santa Coloma. Les noies de Joshua Dom\u00ednguez van donar la cara en tot moment per\u00f2 van acabar perdent 1-4 davant el Joventut 25 set. El tercer classificat ja no es jugava res mentre que les colomenques si guanyaven podien [&hellip;]<\/p>\n","protected":false},"author":1,"featured_media":8415,"comment_status":"closed","ping_status":"closed","sticky":false,"template":"","format":"standard","meta":{"footnotes":""},"categories":[4,13],"tags":[],"class_list":["post-11176","post","type-post","status-publish","format-standard","has-post-thumbnail","hentry","category-base-inclusiu","category-femeni"],"_links":{"self":[{"href":"http:\/\/fegrama.cat\/web\/wp-json\/wp\/v2\/posts\/11176","targetHints":{"allow":["GET"]}}],"collection":[{"href":"http:\/\/fegrama.cat\/web\/wp-json\/wp\/v2\/posts"}],"about":[{"href":"http:\/\/fegrama.cat\/web\/wp-json\/wp\/v2\/types\/post"}],"author":[{"embeddable":true,"href":"http:\/\/fegrama.cat\/web\/wp-json\/wp\/v2\/users\/1"}],"replies":[{"embeddable":true,"href":"http:\/\/fegrama.cat\/web\/wp-json\/wp\/v2\/comments?post=11176"}],"version-history":[{"count":2,"href":"http:\/\/fegrama.cat\/web\/wp-json\/wp\/v2\/posts\/11176\/revisions"}],"predecessor-version":[{"id":11180,"href":"http:\/\/fegrama.cat\/web\/wp-json\/wp\/v2\/posts\/11176\/revisions\/11180"}],"wp:featuredmedia":[{"embeddable":true,"href":"http:\/\/fegrama.cat\/web\/wp-json\/wp\/v2\/media\/8415"}],"wp:attachment":[{"href":"http:\/\/fegrama.cat\/web\/wp-json\/wp\/v2\/media?parent=11176"}],"wp:term":[{"taxonomy":"category","embeddable":true,"href":"http:\/\/fegrama.cat\/web\/wp-json\/wp\/v2\/categories?post=11176"},{"taxonomy":"post_tag","embeddable":true,"href":"http:\/\/fegrama.cat\/web\/wp-json\/wp\/v2\/tags?post=11176"}],"curies":[{"name":"wp","href":"https:\/\/api.w.org\/{rel}","templated":true}]}}