{"id":11169,"date":"2015-05-02T16:48:14","date_gmt":"2015-05-02T15:48:14","guid":{"rendered":"http:\/\/fegrama.cat\/web\/?p=11169"},"modified":"2015-05-04T09:43:42","modified_gmt":"2015-05-04T08:43:42","slug":"el-benjami-b-cau-per-la-minima","status":"publish","type":"post","link":"http:\/\/fegrama.cat\/web\/el-benjami-b-cau-per-la-minima\/","title":{"rendered":"El Benjam\u00ed \u00abB\u00bb cau per la m\u00ednima"},"content":{"rendered":"<div id=\"gt-res-content\">\n<div dir=\"ltr\">Al Camp Municipal de Badalona, \u200b\u200ba Montigal\u00e0, jugava el nostre Benjam\u00ed \u00abB\u00bb davant el CF Badalona \u00abD\u00bb, va ser un partit molt emocionant entre el quart classificat i el l\u00edder de la lliga. Desgraciadament els tres punts es van quedar a la ciutat ve\u00efna, 4-3 van guanyar els locals.<\/p>\n<p>Des del principi i fins al final del partit els jugadors de la Fundaci\u00f3 van dominar el partit tenint nombroses ocasions de gol, el porter contrari i tamb\u00e9 la mala fortuna a l&#8217;hora de definir acabaria passant factura a l&#8217;equip blau.<\/p>\n<p>Un cop m\u00e9s, com sol passar sempre, el Badalona es refor\u00e7aria baixant jugadors de l&#8217;equip Preferent, fins a tres jugadors van baixar amb l&#8217;\u00fanica missi\u00f3 de guanyar a la F.E.Grama i dificultar l&#8217;ascens a Primera. Malgrat aix\u00f2 la difer\u00e8ncia sobre el terreny de joc no es veuria, els colomencs van estar molt b\u00e9 sobre el camp mereixent emportar-se punts.<\/p>\n<p>Nadir avan\u00e7aria al seu equip per\u00f2 per desgr\u00e0cia l&#8217;equip visitant el Badalona en tres minuts del 21 al 24 van aconseguir donar-li la volta al marcador; la Fundaci\u00f3 no es va venir a baix i abans del descans va ficar dos gols m\u00e9s: Iv\u00e1n Flores i H\u00e9ctor Linde. Malgrat tornar a posar-se amb avantatge finalment els locals tornarien a remuntar el partit.<\/p><\/div>\n<blockquote>\n<div dir=\"ltr\"><strong>V\u00edctor D\u00edaz (entrenador):<\/strong> <em>\u00abEns anem amb un mal gust de boca despr\u00e9s d&#8217;una derrota que arriba en uns dels millors partits de la temporada, els nens van estar realment b\u00e9 dominant el partit de principi a fi. Per\u00f2 em quedo amb la bona imatge i actitud dels nois, amb aquesta actitud estic segur que guanyarem els 3 partits que ens queden per ser campions.\u00bb<\/em><\/div>\n<\/blockquote>\n<\/div>\n<p><a href=\"http:\/\/fegrama.cat\/web\/wp-content\/uploads\/2015\/05\/benjB040515.jpg\"><img loading=\"lazy\" decoding=\"async\" class=\"aligncenter size-full wp-image-11170\" alt=\"benjB040515\" src=\"http:\/\/fegrama.cat\/web\/wp-content\/uploads\/2015\/05\/benjB040515.jpg\" width=\"963\" height=\"653\" \/><\/a><\/p>\n<p>En el Camp Municipal de Badalona, en Montigal\u00e0, jugaba nuestro Benjam\u00edn \u00abB\u00bb ante el CF Badalona \u00abD\u00bb, fue un partido muy emocionante entre el cuarto clasificado y el l\u00edder de la liga. Desgraciadamente los tres puntos se quedaron en la ciudad vecina, 4-3 ganaron los locales.<\/p>\n<p>Desde el principio y hasta el final del partido los jugadores de la Fundaci\u00f3 dominaron el partido teniendo numerosas ocasiones de gol, el portero contrario y tambi\u00e9n la mala fortuna a la hora de definir acabar\u00eda pasando factura al equipo azul\u00f3n.<\/p>\n<p>Una vez m\u00e1s, como suele pasar siempre, el Badalona se reforzar\u00eda bajanado jugadores del equipo Preferente, hasta tres jugadores bajaron co la \u00fanica misi\u00f3n de ganar a la F.E.Grama y dificultar el ascenso a Primera. Pese a eso la diferencia sobre el terreno de juego no se ver\u00eda, los colomenses estuvieron muy bien sobre el campo mereciendo llevarse puntos.<\/p>\n<p>Nadir adelantar\u00eda a su equipo pero para desgracia del equipo visitante el Badalona en tres minutos del 21 al 24 consiguieron darle la vuelta al marcador; la Fundaci\u00f3 no se vino a bajo y antes del descanso meter dos goles m\u00e1s: Iv\u00e1n Flores y H\u00e9ctor Linde. Pese a volver a ponerse con ventaja finalmente los locales volver\u00edan a remontar el partido.<\/p>\n<p>V\u00edctor D\u00edaz (entrenador): \u00abNos vamos con un mal sabor de boca tras una derrota que llega en unos de los mejores partidos de la temporada, los ni\u00f1os estubieron realmente bien dominando el partido de principio a fin. Pero me quedo con la buena imagen y actitud de los chicos; con esta actitud estoy seguro que ganaremos los 3 partidos que nos quedan para ser campeones.\u00bb<\/p>\n","protected":false},"excerpt":{"rendered":"<p>Al Camp Municipal de Badalona, \u200b\u200ba Montigal\u00e0, jugava el nostre Benjam\u00ed \u00abB\u00bb davant el CF Badalona \u00abD\u00bb, va ser un partit molt emocionant entre el quart classificat i el l\u00edder de la lliga. Desgraciadament els tres punts es van quedar a la ciutat ve\u00efna, 4-3 van guanyar els locals. Des del principi i fins al [&hellip;]<\/p>\n","protected":false},"author":1,"featured_media":0,"comment_status":"closed","ping_status":"closed","sticky":false,"template":"","format":"standard","meta":{"footnotes":""},"categories":[4,11],"tags":[],"class_list":["post-11169","post","type-post","status-publish","format-standard","hentry","category-base-inclusiu","category-benjamins"],"_links":{"self":[{"href":"http:\/\/fegrama.cat\/web\/wp-json\/wp\/v2\/posts\/11169","targetHints":{"allow":["GET"]}}],"collection":[{"href":"http:\/\/fegrama.cat\/web\/wp-json\/wp\/v2\/posts"}],"about":[{"href":"http:\/\/fegrama.cat\/web\/wp-json\/wp\/v2\/types\/post"}],"author":[{"embeddable":true,"href":"http:\/\/fegrama.cat\/web\/wp-json\/wp\/v2\/users\/1"}],"replies":[{"embeddable":true,"href":"http:\/\/fegrama.cat\/web\/wp-json\/wp\/v2\/comments?post=11169"}],"version-history":[{"count":2,"href":"http:\/\/fegrama.cat\/web\/wp-json\/wp\/v2\/posts\/11169\/revisions"}],"predecessor-version":[{"id":11172,"href":"http:\/\/fegrama.cat\/web\/wp-json\/wp\/v2\/posts\/11169\/revisions\/11172"}],"wp:attachment":[{"href":"http:\/\/fegrama.cat\/web\/wp-json\/wp\/v2\/media?parent=11169"}],"wp:term":[{"taxonomy":"category","embeddable":true,"href":"http:\/\/fegrama.cat\/web\/wp-json\/wp\/v2\/categories?post=11169"},{"taxonomy":"post_tag","embeddable":true,"href":"http:\/\/fegrama.cat\/web\/wp-json\/wp\/v2\/tags?post=11169"}],"curies":[{"name":"wp","href":"https:\/\/api.w.org\/{rel}","templated":true}]}}