{"id":11162,"date":"2015-05-04T11:50:23","date_gmt":"2015-05-04T10:50:23","guid":{"rendered":"http:\/\/fegrama.cat\/web\/?p=11162"},"modified":"2015-05-04T12:51:15","modified_gmt":"2015-05-04T11:51:15","slug":"lalevi-c-va-guanyar-al-jabac-i-terrassa","status":"publish","type":"post","link":"http:\/\/fegrama.cat\/web\/lalevi-c-va-guanyar-al-jabac-i-terrassa\/","title":{"rendered":"L&#8217;Alev\u00ed \u00abC\u00bb va guanyar al Jabac i Terrassa"},"content":{"rendered":"<p>Tercera vict\u00f2ria consecutiva i sis\u00e8 partit seguit sense perdre per a l&#8217;Alev\u00ed \u00abC\u00bb de Dani Anguita. Aquesta vegada els colomencs van guanyar 6-1 a l&#8217;Uni\u00f3 Futbol Base Jabac i Terrassa.<\/p>\n<p>Des del principi els visitants van sortir a la recerca del contraatac; la pilota i les primeres ocasions del partit van ser per als locals. A poc a poc van anar mereixent gols, i amb \u00abtiki-taka\u00bb en una paret d&#8217;Albert Colell i Pol Marimon acabaria en l&#8217;1-0.<\/p>\n<p>Abans del descans V\u00edctor Casta\u00f1o marcaria el 2-0; en la segona meitat vam tornar a viure el mateix gui\u00f3. Els locals es van mostrar en tot moment molt superiors al seu rival. Quatre gols m\u00e9s van caure: dos d&#8217;Alejandro Cutillas, Javier Hidalgo i Gerard Arjona.<\/p>\n<p><strong>FOTOS DEL PARTIT:<\/strong> <a href=\"https:\/\/plus.google.com\/photos\/113125192083830612262\/albums\/6144667051016270769?banner=pwa\" target=\"_blank\">https:\/\/plus.google.com\/photos\/113125192083830612262\/albums\/6144667051016270769?banner=pwa<\/a><\/p>\n<p><a href=\"http:\/\/fegrama.cat\/web\/wp-content\/uploads\/2014\/12\/ALEV\u00cd-CFUNDACIO-GRAMA-SANTA-COLOMA.jpg\"><img loading=\"lazy\" decoding=\"async\" class=\"aligncenter size-full wp-image-8438\" alt=\"ALEV\u00cd CFUNDACIO GRAMA SANTA COLOMA\" src=\"http:\/\/fegrama.cat\/web\/wp-content\/uploads\/2014\/12\/ALEV\u00cd-CFUNDACIO-GRAMA-SANTA-COLOMA.jpg\" width=\"640\" height=\"480\" srcset=\"http:\/\/fegrama.cat\/web\/wp-content\/uploads\/2014\/12\/ALEV\u00cd-CFUNDACIO-GRAMA-SANTA-COLOMA.jpg 640w, http:\/\/fegrama.cat\/web\/wp-content\/uploads\/2014\/12\/ALEV\u00cd-CFUNDACIO-GRAMA-SANTA-COLOMA-300x225.jpg 300w\" sizes=\"auto, (max-width: 640px) 100vw, 640px\" \/><\/a><\/p>\n<p>Tercera victoria consecutiva y sexto partido seguido sin perder para el Alev\u00edn \u00abC\u00bb de Dani Anguita. Esta vez los colomenses ganaron 6-1 a la Uni\u00f3 Futbol Base Jabac i Terrassa.<\/p>\n<p>Desde el principio los visitantes salieron en busca del contraataque; la pelota y las primeras ocasiones del partido fueron para los locales. Poco a poco fueron mereciendo goles, y con \u00abtiki-taka\u00bb en una pared de Albert Colell y Pol Marimon acabar\u00eda en el 1-0.<\/p>\n<p>Antes del descanso V\u00edctor Casta\u00f1o marcar\u00eda el 2-0; en la segunda mitad volvimos a vivir el mismo gui\u00f3n. Los locales se mostraron en todo momento muy superiores a su rival. Cuatro goles m\u00e1s cayeron: dos de Alejandro Cutillas, Javier Hidalgo y Gerard Arjona.<\/p>\n","protected":false},"excerpt":{"rendered":"<p>Tercera vict\u00f2ria consecutiva i sis\u00e8 partit seguit sense perdre per a l&#8217;Alev\u00ed \u00abC\u00bb de Dani Anguita. Aquesta vegada els colomencs van guanyar 6-1 a l&#8217;Uni\u00f3 Futbol Base Jabac i Terrassa. Des del principi els visitants van sortir a la recerca del contraatac; la pilota i les primeres ocasions del partit van ser per als locals. [&hellip;]<\/p>\n","protected":false},"author":1,"featured_media":11164,"comment_status":"closed","ping_status":"closed","sticky":false,"template":"","format":"standard","meta":{"footnotes":""},"categories":[10,4],"tags":[],"class_list":["post-11162","post","type-post","status-publish","format-standard","has-post-thumbnail","hentry","category-alevins","category-base-inclusiu"],"_links":{"self":[{"href":"http:\/\/fegrama.cat\/web\/wp-json\/wp\/v2\/posts\/11162","targetHints":{"allow":["GET"]}}],"collection":[{"href":"http:\/\/fegrama.cat\/web\/wp-json\/wp\/v2\/posts"}],"about":[{"href":"http:\/\/fegrama.cat\/web\/wp-json\/wp\/v2\/types\/post"}],"author":[{"embeddable":true,"href":"http:\/\/fegrama.cat\/web\/wp-json\/wp\/v2\/users\/1"}],"replies":[{"embeddable":true,"href":"http:\/\/fegrama.cat\/web\/wp-json\/wp\/v2\/comments?post=11162"}],"version-history":[{"count":1,"href":"http:\/\/fegrama.cat\/web\/wp-json\/wp\/v2\/posts\/11162\/revisions"}],"predecessor-version":[{"id":11165,"href":"http:\/\/fegrama.cat\/web\/wp-json\/wp\/v2\/posts\/11162\/revisions\/11165"}],"wp:featuredmedia":[{"embeddable":true,"href":"http:\/\/fegrama.cat\/web\/wp-json\/wp\/v2\/media\/11164"}],"wp:attachment":[{"href":"http:\/\/fegrama.cat\/web\/wp-json\/wp\/v2\/media?parent=11162"}],"wp:term":[{"taxonomy":"category","embeddable":true,"href":"http:\/\/fegrama.cat\/web\/wp-json\/wp\/v2\/categories?post=11162"},{"taxonomy":"post_tag","embeddable":true,"href":"http:\/\/fegrama.cat\/web\/wp-json\/wp\/v2\/tags?post=11162"}],"curies":[{"name":"wp","href":"https:\/\/api.w.org\/{rel}","templated":true}]}}