{"id":11159,"date":"2015-05-02T16:40:46","date_gmt":"2015-05-02T15:40:46","guid":{"rendered":"http:\/\/fegrama.cat\/web\/?p=11159"},"modified":"2015-05-03T16:10:33","modified_gmt":"2015-05-03T15:10:33","slug":"el-benjami-c-va-guanyar-a-la-llefia","status":"publish","type":"post","link":"http:\/\/fegrama.cat\/web\/el-benjami-c-va-guanyar-a-la-llefia\/","title":{"rendered":"El Benjam\u00ed \u00abC\u00bb va guanyar a la Llefi\u00e0"},"content":{"rendered":"<p>A Badalona s&#8217;enfrontaven el sis\u00e8 classificat contra el segon de la lliga; la Unificaci\u00f3n Llefi\u00e0 contra la Fundaci\u00f3 Esportiva Grama. El Benjam\u00ed \u00abC\u00bb colomenc es va emportar la vict\u00f2ria per un clar 0-3; d&#8217;aquesta manera l&#8217;equip seguir\u00e0 en segona posici\u00f3 a tres punts del l\u00edder quan falten nom\u00e9s quatre jornades per al final.<\/p>\n<p>El partit no comen\u00e7aria de la millor manera, el primer quart de la Grama va ser bastant dolent per sort el 0-0 no es mouria una cosa molt positiva de cara al seg\u00fcent quart. El segon, tercer i \u00faltim quart van ser completament dominats pels colomencs.<\/p>\n<p>Marc Ortega avan\u00e7aria en el marcador a la Fundaci\u00f3 i un doblet d&#8217;Iker Quintana incrementaria l&#8217;avantatge. L&#8217;equip de V\u00edctor Salas va ser molt superior al seu rival; un resultat just en un partit amb molta calor. Ara l&#8217;equip ja nom\u00e9s pensa en el seg\u00fcent rival, la\u00a0Stoichkov Barcelona, tercer de la lliga.<\/p>\n<p><a href=\"http:\/\/fegrama.cat\/web\/wp-content\/uploads\/2014\/12\/BENJAM\u00cd-CFUNDACIO-GRAMA-SANTA-COLOMA1.jpg\"><img loading=\"lazy\" decoding=\"async\" class=\"aligncenter size-full wp-image-8457\" alt=\"BENJAM\u00cd CFUNDACIO GRAMA SANTA COLOMA\" src=\"http:\/\/fegrama.cat\/web\/wp-content\/uploads\/2014\/12\/BENJAM\u00cd-CFUNDACIO-GRAMA-SANTA-COLOMA1.jpg\" width=\"640\" height=\"480\" srcset=\"http:\/\/fegrama.cat\/web\/wp-content\/uploads\/2014\/12\/BENJAM\u00cd-CFUNDACIO-GRAMA-SANTA-COLOMA1.jpg 640w, http:\/\/fegrama.cat\/web\/wp-content\/uploads\/2014\/12\/BENJAM\u00cd-CFUNDACIO-GRAMA-SANTA-COLOMA1-300x225.jpg 300w\" sizes=\"auto, (max-width: 640px) 100vw, 640px\" \/><\/a><\/p>\n<p>En Badalona se enfrentaban el sexto clasificado contra el segundo de la liga; la Unificaci\u00f3n Llefi\u00e0 contra la Fundaci\u00f3 Esportiva Grama. El Benjam\u00edn \u00abC\u00bb colomense se llev\u00f3 la victoria por un claro 0-3; de esta manera el equipo seguir\u00e1 en segunda posici\u00f3n a tres puntos del l\u00edder cuando faltan solo cuatro jornadas para el final.<\/p>\n<p>El partido no empezar\u00eda de la mejor forma, el primer cuarto de la Grama fue bastante malo por suerte el 0-0 no se mover\u00eda algo muy positivo de cara al siguiente cuarto. El segundo, tercer y \u00faltimo cuarto fueron completamente dominados por los colomenses.<\/p>\n<p>Marc Ortega adelantar\u00eda en el marcador a la Fundaci\u00f3 y un doblete de Iker Quintana incrementar\u00eda la ventaja. El equipo de V\u00edctor Salas fue muy superior a su rival; un resultado justo en un partido con mucha calor. Ahora el equipo ya solo piensa en el siguiente rival, la Stoichkov Barcelona, tercero de la liga.<\/p>\n","protected":false},"excerpt":{"rendered":"<p>A Badalona s&#8217;enfrontaven el sis\u00e8 classificat contra el segon de la lliga; la Unificaci\u00f3n Llefi\u00e0 contra la Fundaci\u00f3 Esportiva Grama. El Benjam\u00ed \u00abC\u00bb colomenc es va emportar la vict\u00f2ria per un clar 0-3; d&#8217;aquesta manera l&#8217;equip seguir\u00e0 en segona posici\u00f3 a tres punts del l\u00edder quan falten nom\u00e9s quatre jornades per al final. El partit [&hellip;]<\/p>\n","protected":false},"author":1,"featured_media":10727,"comment_status":"closed","ping_status":"closed","sticky":false,"template":"","format":"standard","meta":{"footnotes":""},"categories":[4,11],"tags":[],"class_list":["post-11159","post","type-post","status-publish","format-standard","has-post-thumbnail","hentry","category-base-inclusiu","category-benjamins"],"_links":{"self":[{"href":"http:\/\/fegrama.cat\/web\/wp-json\/wp\/v2\/posts\/11159","targetHints":{"allow":["GET"]}}],"collection":[{"href":"http:\/\/fegrama.cat\/web\/wp-json\/wp\/v2\/posts"}],"about":[{"href":"http:\/\/fegrama.cat\/web\/wp-json\/wp\/v2\/types\/post"}],"author":[{"embeddable":true,"href":"http:\/\/fegrama.cat\/web\/wp-json\/wp\/v2\/users\/1"}],"replies":[{"embeddable":true,"href":"http:\/\/fegrama.cat\/web\/wp-json\/wp\/v2\/comments?post=11159"}],"version-history":[{"count":2,"href":"http:\/\/fegrama.cat\/web\/wp-json\/wp\/v2\/posts\/11159\/revisions"}],"predecessor-version":[{"id":11161,"href":"http:\/\/fegrama.cat\/web\/wp-json\/wp\/v2\/posts\/11159\/revisions\/11161"}],"wp:featuredmedia":[{"embeddable":true,"href":"http:\/\/fegrama.cat\/web\/wp-json\/wp\/v2\/media\/10727"}],"wp:attachment":[{"href":"http:\/\/fegrama.cat\/web\/wp-json\/wp\/v2\/media?parent=11159"}],"wp:term":[{"taxonomy":"category","embeddable":true,"href":"http:\/\/fegrama.cat\/web\/wp-json\/wp\/v2\/categories?post=11159"},{"taxonomy":"post_tag","embeddable":true,"href":"http:\/\/fegrama.cat\/web\/wp-json\/wp\/v2\/tags?post=11159"}],"curies":[{"name":"wp","href":"https:\/\/api.w.org\/{rel}","templated":true}]}}