{"id":11134,"date":"2015-05-02T18:52:13","date_gmt":"2015-05-02T17:52:13","guid":{"rendered":"http:\/\/fegrama.cat\/web\/?p=11134"},"modified":"2015-05-08T19:33:48","modified_gmt":"2015-05-08T18:33:48","slug":"comunicat-oficial-de-la-junta-directiva-2","status":"publish","type":"post","link":"http:\/\/fegrama.cat\/web\/comunicat-oficial-de-la-junta-directiva-2\/","title":{"rendered":"COMUNICAT OFICIAL DE LA JUNTA DIRECTIVA"},"content":{"rendered":"<figure id=\"attachment_9801\" aria-describedby=\"caption-attachment-9801\" style=\"width: 462px\" class=\"wp-caption aligncenter\"><a href=\"http:\/\/fegrama.cat\/web\/wp-content\/uploads\/2015\/03\/Municipal.jpg\"><img loading=\"lazy\" decoding=\"async\" class=\" wp-image-9801 \" alt=\"Nou Municipal\" src=\"http:\/\/fegrama.cat\/web\/wp-content\/uploads\/2015\/03\/Municipal.jpg\" width=\"462\" height=\"346\" srcset=\"http:\/\/fegrama.cat\/web\/wp-content\/uploads\/2015\/03\/Municipal.jpg 660w, http:\/\/fegrama.cat\/web\/wp-content\/uploads\/2015\/03\/Municipal-300x224.jpg 300w\" sizes=\"auto, (max-width: 462px) 100vw, 462px\" \/><\/a><figcaption id=\"caption-attachment-9801\" class=\"wp-caption-text\">M\u00e9s val una imatge que mil paraules&#8230; l&#8217;aspecte actual del camp ho diu tot.<\/figcaption><\/figure>\n<p><strong>COMUNICAT OFICIAL<\/strong><\/p>\n<p>Despr\u00e9s d&#8217;una setmana d&#8217;atacs per part del mitj\u00e0 colomenc Gramenet 2.0 En l&#8217;edici\u00f3 del mes de maig de la Revista Diari de Santa Coloma, el \u00abperiodista\u00bb Jordi C ha decidit anar m\u00e9s enll\u00e0 en els seus enfrontaments directes amb la Fundaci\u00f3 Esportiva Grama i amb l&#8217;equip de Govern municipal denunciant de manera covarda i an\u00f2nima la poca transpar\u00e8ncia de les relacions que la Regidoria d&#8217;esports mant\u00e9 amb la nostra Entitat.<\/p>\n<figure style=\"width: 336px\" class=\"wp-caption aligncenter\"><a href=\"http:\/\/fegrama.cat\/web\/wp-content\/uploads\/2015\/05\/CORACHAN.jpg\"><img loading=\"lazy\" decoding=\"async\" alt=\"CORACHAN\" src=\"http:\/\/fegrama.cat\/web\/wp-content\/uploads\/2015\/05\/CORACHAN.jpg\" width=\"336\" height=\"560\" \/><\/a><figcaption class=\"wp-caption-text\">Article publicat al DiariSC an\u00f2nimament.<\/figcaption><\/figure>\n<p>Davant aquestes acusacions, la nostra postura ser\u00e0 sempre clara i transparent, tal com portem fent en els \u00faltims dies. Fa poc m\u00e9s de dos mesos, la nostra web oficial publicava un comunicat on s&#8217;anunciava la signatura del conveni de gesti\u00f3 del Nou Municipal entre l&#8217;Ajuntament i la F.E.Grama. En aquest comunicat evidenciem un fet que la publicaci\u00f3 del Diari de Santa Coloma sembla passar completament per alt pel que fa a la transpar\u00e8ncia del conveni de gesti\u00f3:<\/p>\n<blockquote><p>Aquest acord, signat pel president de l&#8217;IME i regidor d&#8217;Esports, Diego Arroyo, i jo com a president de la Fundaci\u00f3, Antonio Morales, suposa un estalvi extraordinari per a la ciutat ja que d&#8217;haver mantingut el conveni amb els anteriors gestors abans de l&#8217;arribada de la Fundaci\u00f3 E. Grama, les arques municipals haurien invertit 900.000\u20ac mentre que amb la gesti\u00f3 de la Fundaci\u00f3 Esportiva Grama la inversi\u00f3 ser\u00e0 en tres anys de 180.000\u20ac.<\/p>\n<p>L&#8217;estalvi brut \u00e9s de 720.000\u20ac, dels quals, restant els consums b\u00e0sics, quedaria un estalvi net de m\u00e9s de 530.000\u20ac que beneficien directament a les arques municipals. A la Fundaci\u00f3 Esportiva Grama pensem que amb aquestes quanties podem aconseguir una bona gesti\u00f3 de la instal\u00b7laci\u00f3 deixant enrere aquells anys de deixadesa que van fer del Nou Municipal una instal\u00b7laci\u00f3 abandonada.<\/p><\/blockquote>\n<figure style=\"width: 223px\" class=\"wp-caption aligncenter\"><a href=\"http:\/\/fegrama.cat\/web\/wp-content\/uploads\/2015\/03\/P1010036.jpg\"><img loading=\"lazy\" decoding=\"async\" alt=\"El President, Antonio Morales signa el conveni de gesti\u00f3 del Nou Municipal acompa\u00f1at pel regidor d'Esports, Diego Arroyo, i els Directius Manolo Garc\u00eda i Daniel Borrallo.\" src=\"http:\/\/fegrama.cat\/web\/wp-content\/uploads\/2015\/03\/P1010036-1024x768.jpg\" width=\"223\" height=\"167\" \/><\/a><figcaption class=\"wp-caption-text\">El President, Antonio Morales signa el conveni de gesti\u00f3 del Nou Municipal acompa\u00f1at pel regidor d&#8217;Esports, Diego Arroyo, i els Directius Manolo Garc\u00eda i Daniel Borrallo.<\/figcaption><\/figure>\n<blockquote><p>Els 50.000\u20ac per 2014 i als 65.000\u20ac anuals per 2015 i 2016 que rebr\u00e0 la Fundaci\u00f3 no cobreixen ni el 80% de les despeses destinades al petit material de manteniment i a les sis n\u00f2mines dels treballadors fixos que es dediquen exclusivament a la neteja manteniment i consergeria del Nou Municipal perqu\u00e8 les nostres instal\u00b7lacions mantinguin la imatge que mereix una ciutat com Sta. Coloma i una entitat com la Fundaci\u00f3 Esportiva Grama. (adjuntem documents de n\u00f2mines dels nostres treballadors)<\/p>\n<p>A m\u00e9s, des de la nostra Entitat, garantim una gesti\u00f3 transparent, justificant trimestralment a la regidoria d&#8217;esports de l&#8217;Ajuntament les despeses al dia de seguretat social i hisenda, mostrant un model econ\u00f2mic d&#8217;estalvi adequat als temps que vivim.<\/p><\/blockquote>\n<figure style=\"width: 346px\" class=\"wp-caption aligncenter\"><a href=\"http:\/\/fegrama.cat\/web\/wp-content\/uploads\/2015\/05\/n\u00f3minas.jpg\"><img loading=\"lazy\" decoding=\"async\" alt=\"n\u00f3minas\" src=\"http:\/\/fegrama.cat\/web\/wp-content\/uploads\/2015\/05\/n\u00f3minas.jpg\" width=\"346\" height=\"259\" \/><\/a><figcaption class=\"wp-caption-text\">En aquests salaris estan incloses les dues pagues extraordin\u00e0ries.<\/figcaption><\/figure>\n<p>A m\u00e9s per refrescar-li la mem\u00f2ria li adjuntem el link de les aclariments que el nostre President ha realitzat durant aquesta setmana per si encara no ha pogut llegir:<\/p>\n<p><a href=\"http:\/\/fegrama.cat\/web\/reaccion-a-la-manipulacion-periodistica\/\" target=\"_blank\">http:\/\/fegrama.cat\/web\/reaccion-a-la-manipulacion-periodistica\/<\/a><\/p>\n<figure style=\"width: 315px\" class=\"wp-caption aligncenter\"><a href=\"http:\/\/fegrama.cat\/web\/wp-content\/uploads\/2014\/12\/auditoria2.jpg\"><img loading=\"lazy\" decoding=\"async\" alt=\"d'esquerra a dreta: Xavi Samper, Enric Soler, Diego Arroyo, Antonio Morales i Gen\u00eds Vera.\" src=\"http:\/\/fegrama.cat\/web\/wp-content\/uploads\/2014\/12\/auditoria2.jpg\" width=\"315\" height=\"331\" \/><\/a><figcaption class=\"wp-caption-text\">Entrega de la audotor\u00eda de la F.E.G Grama al IME. d&#8217;esquerra a dreta: Xavi Samper, Enric Soler, Diego Arroyo, Antonio Morales i Gen\u00eds Vera.<\/figcaption><\/figure>\n<p>Finalment, us recordem que som l&#8217;\u00fanica entitat colomenca que t\u00e9 conveni i que presenta volunt\u00e0riament una Auditoria a l&#8217;IME. <strong>De qu\u00e8 transpar\u00e8ncia estan parlant al Diari de Santa Coloma?<\/strong> Com \u00e9s possible que el senyor Jordi C i el pati de tortures en qu\u00e8 s&#8217;ha convertit Gramenet de Santa Coloma estiguin tan obsessionats amb la transpar\u00e8ncia de la Fundaci\u00f3 Esportiva Grama i les persones que la dirigeixen? <strong>Ser\u00e0 possible que hi hagi un home \u00abGRAN\u00bb&#8230;<\/strong><\/p>\n<p>Per unanimitat, signa aquest comunicat,<\/p>\n<p><strong>LA JUNTA DIRECTIVA DE LA F.E. GRAMA<\/strong><\/p>\n<figure style=\"width: 462px\" class=\"wp-caption aligncenter\"><a href=\"http:\/\/fegrama.cat\/web\/wp-content\/uploads\/2015\/03\/Municipal.jpg\"><img loading=\"lazy\" decoding=\"async\" alt=\"Nou Municipal\" src=\"http:\/\/fegrama.cat\/web\/wp-content\/uploads\/2015\/03\/Municipal.jpg\" width=\"462\" height=\"346\" \/><\/a><figcaption class=\"wp-caption-text\">M\u00e1s vale una imagen que mil palabras&#8230;el aspecto actual del campo lo dice todo.<\/figcaption><\/figure>\n<p style=\"text-align: center;\"><strong><span style=\"text-align: justify;\">COMUNICADO OFICIAL<\/span><\/strong><\/p>\n<p style=\"text-align: justify;\">Despu\u00e9s de una semana de ataques por parte del medio colomense Gramenet 2.0 \u00a0\u00a0En la edici\u00f3n del mes de mayo de la Revista Diari de Santa Coloma, el \u201cperiodista\u201d Jordi C \u00a0ha decido ir m\u00e1s all\u00e1 en sus enfrentamientos directos con la Fundaci\u00f3 Esportiva Grama y con el equipo de Gobierno municipal denunciando de manera cobarde y an\u00f3nima la poca transparencia de las relaciones que la Concejal\u00eda de deportes mantiene con\u00a0 nuestra Entidad.<\/p>\n<figure id=\"attachment_11144\" aria-describedby=\"caption-attachment-11144\" style=\"width: 336px\" class=\"wp-caption aligncenter\"><a href=\"http:\/\/fegrama.cat\/web\/wp-content\/uploads\/2015\/05\/CORACHAN.jpg\"><img loading=\"lazy\" decoding=\"async\" class=\" wp-image-11144\" alt=\"CORACHAN\" src=\"http:\/\/fegrama.cat\/web\/wp-content\/uploads\/2015\/05\/CORACHAN.jpg\" width=\"336\" height=\"560\" \/><\/a><figcaption id=\"caption-attachment-11144\" class=\"wp-caption-text\">Art\u00edculo publicado en el Diari an\u00f3nimamente.<\/figcaption><\/figure>\n<p style=\"text-align: justify;\">Ante estas acusaciones, nuestra postura va a ser siempre clara y transparente, tal y como llevamos haciendo en los \u00faltimos d\u00edas. Hace poco m\u00e1s de dos meses, nuestra web oficial publicaba un comunicado d\u00f3nde se anunciaba la firma del convenio de gesti\u00f3n del Nou Municipal \u00a0entre el Ayuntamiento y la F.E. Grama. En ese comunicado evidenciamos un hecho que la publicaci\u00f3n del Diari de Santa Coloma parece pasar completamente por alto en cuanto a la transparencia del convenio de gesti\u00f3n:<\/p>\n<blockquote><p><i>Este acuerdo, firmado por el Presidente del IME y Concejal de Deportes,\u00a0<b>Diego Arroyo<\/b>, y yo como Presidente de la Fundaci\u00f3,\u00a0<b>Antonio Morales<\/b>, supone un ahorro extraordinario para la ciudad ya que de haber mantenido el convenio con los anteriores gestores antes de la llegada de la Fundaci\u00f3 E. Grama, las arcas municipales habr\u00edan invertido 900.000\u20ac mientras que con la gesti\u00f3n de la Fundaci\u00f3 Esportiva Grama\u00a0<b>la inversi\u00f3n ser\u00e1 en tres a\u00f1os de 180.000\u20ac.<\/b><\/i><\/p>\n<p><b><i>El ahorro bruto es de 720.000\u20ac<\/i><\/b><i>, de los cuales, restando los consumos b\u00e1sicos, quedar\u00eda un\u00a0<strong>ahorro neto de m\u00e1s de 530.000\u20ac<\/strong>\u00a0que benefician directamente a las arcas Municipales. En la Fundaci\u00f3 Esportiva Grama pensamos que con estas cuant\u00edas podemos conseguir una buena gesti\u00f3n de la instalaci\u00f3n dejando atr\u00e1s aquellos a\u00f1os de dejadez que hicieron del Nou Municipal una instalaci\u00f3n abandonada.<\/i><\/p>\n<figure id=\"attachment_9783\" aria-describedby=\"caption-attachment-9783\" style=\"width: 223px\" class=\"wp-caption aligncenter\"><a href=\"http:\/\/fegrama.cat\/web\/wp-content\/uploads\/2015\/03\/P1010036.jpg\"><img loading=\"lazy\" decoding=\"async\" class=\" wp-image-9783  \" alt=\"El President, Antonio Morales signa el conveni de gesti\u00f3 del Nou Municipal acompa\u00f1at pel regidor d'Esports, Diego Arroyo, i els Directius Manolo Garc\u00eda i Daniel Borrallo.\" src=\"http:\/\/fegrama.cat\/web\/wp-content\/uploads\/2015\/03\/P1010036-1024x768.jpg\" width=\"223\" height=\"167\" srcset=\"http:\/\/fegrama.cat\/web\/wp-content\/uploads\/2015\/03\/P1010036-1024x768.jpg 1024w, http:\/\/fegrama.cat\/web\/wp-content\/uploads\/2015\/03\/P1010036-300x225.jpg 300w\" sizes=\"auto, (max-width: 223px) 100vw, 223px\" \/><\/a><figcaption id=\"caption-attachment-9783\" class=\"wp-caption-text\">El President, Antonio Morales signa el conveni de gesti\u00f3 del Nou Municipal acompa\u00f1at pel regidor d&#8217;Esports, Diego Arroyo, i els Directius Manolo Garc\u00eda i Daniel Borrallo.<\/figcaption><\/figure>\n<p><i>Los<b>\u00a050.000\u20ac<\/b>\u00a0por 2014\u00a0y los\u00a0<strong>65.000\u20ac anuales<\/strong><b>\u00a0<\/b>por 2015 y 2016 que recibir\u00e1 la Fundaci\u00f3 no cubren ni el 80% de los gastos destinados al peque\u00f1o material de mantenimiento y a las seis n\u00f3minas de los trabajadores fijos que se dedican exclusivamente a la limpieza mantenimiento y conserjer\u00eda del Nou Municipal para que nuestras instalaciones mantengan la imagen que merece una ciudad como Sta. Coloma y una Entidad como la Fundaci\u00f3 Esportiva Grama.<\/i><i><strong>(adjuntamos documentos de n\u00f3minas de nuestros trabajadores)<\/strong>\u00a0<\/i><\/p>\n<p><i>Adem\u00e1s, desde nuestra Entidad, garantizamos una\u00a0<b>gesti\u00f3n transparente<\/b>, justificando trimestralmente a la concejal\u00eda de deportes del Ayuntamiento los gastos al d\u00eda de seguridad social y hacienda, mostrando un modelo econ\u00f3mico de ahorro adecuado a los tiempos que vivimos.<\/i><\/p>\n<figure id=\"attachment_11143\" aria-describedby=\"caption-attachment-11143\" style=\"width: 346px\" class=\"wp-caption aligncenter\"><a href=\"http:\/\/fegrama.cat\/web\/wp-content\/uploads\/2015\/05\/n\u00f3minas.jpg\"><img loading=\"lazy\" decoding=\"async\" class=\" wp-image-11143\" alt=\"n\u00f3minas\" src=\"http:\/\/fegrama.cat\/web\/wp-content\/uploads\/2015\/05\/n\u00f3minas.jpg\" width=\"346\" height=\"259\" \/><\/a><figcaption id=\"caption-attachment-11143\" class=\"wp-caption-text\">En estos salarios estan incluidas las dos pagas extraordinarias.<\/figcaption><\/figure><\/blockquote>\n<p style=\"text-align: justify;\">Adem\u00e1s para refrescarle la memoria le adjuntamos el link de las aclaraciones que nuestro Presidente ha realizado durante esta semana por si a\u00fan no ha podido leerlas:<\/p>\n<p style=\"text-align: justify;\">\n<blockquote class=\"wp-embedded-content\" data-secret=\"pS6RUZGb8N\"><p><a href=\"http:\/\/fegrama.cat\/web\/reaccion-a-la-manipulacion-periodistica\/\">Reacci\u00f3n a la manipulaci\u00f3n period\u00edstica<\/a><\/p><\/blockquote>\n<p><iframe loading=\"lazy\" class=\"wp-embedded-content\" sandbox=\"allow-scripts\" security=\"restricted\" style=\"position: absolute; visibility: hidden;\" title=\"\u00abReacci\u00f3n a la manipulaci\u00f3n period\u00edstica\u00bb \u2014 FUNDACI\u00d3 ESPORTIVA GRAMA\" src=\"http:\/\/fegrama.cat\/web\/reaccion-a-la-manipulacion-periodistica\/embed\/#?secret=cTksn0P8HU#?secret=pS6RUZGb8N\" data-secret=\"pS6RUZGb8N\" width=\"580\" height=\"327\" frameborder=\"0\" marginwidth=\"0\" marginheight=\"0\" scrolling=\"no\"><\/iframe><\/p>\n<figure id=\"attachment_7881\" aria-describedby=\"caption-attachment-7881\" style=\"width: 315px\" class=\"wp-caption aligncenter\"><a href=\"http:\/\/fegrama.cat\/web\/wp-content\/uploads\/2014\/12\/auditoria2.jpg\"><img loading=\"lazy\" decoding=\"async\" class=\" wp-image-7881 \" alt=\"d'esquerra a dreta: Xavi Samper, Enric Soler, Diego Arroyo, Antonio Morales i Gen\u00eds Vera.\" src=\"http:\/\/fegrama.cat\/web\/wp-content\/uploads\/2014\/12\/auditoria2.jpg\" width=\"315\" height=\"331\" srcset=\"http:\/\/fegrama.cat\/web\/wp-content\/uploads\/2014\/12\/auditoria2.jpg 525w, http:\/\/fegrama.cat\/web\/wp-content\/uploads\/2014\/12\/auditoria2-285x300.jpg 285w\" sizes=\"auto, (max-width: 315px) 100vw, 315px\" \/><\/a><figcaption id=\"caption-attachment-7881\" class=\"wp-caption-text\">Entrega de la audotor\u00eda de la F.E.G Grama al IME. d&#8217;esquerra a dreta: Xavi Samper, Enric Soler, Diego Arroyo, Antonio Morales i Gen\u00eds Vera.<\/figcaption><\/figure>\n<p style=\"text-align: justify;\">Por \u00faltimo, le recordamos que somos la \u00fanica entidad colomense que tiene convenio y que presenta voluntariamente una Auditor\u00eda al IME \u00a0\u00bfDe qu\u00e9 transparencia est\u00e1n hablando en el Diari de Santa Coloma? \u00bfC\u00f3mo es posible que el se\u00f1or Jordi C y el patio de torturas en el que se ha convertido Gramenet de Santa Coloma est\u00e9n tan obsesionados con la transparencia de la Fundaci\u00f3 Esportiva Grama y las personas que la dirigen? \u00bfSer\u00e1 posible que haya un hombre \u201cGRAN\u201d&#8230;<\/p>\n<p style=\"text-align: justify;\">Por unanimidad, firma este comunicado,<\/p>\n<p style=\"text-align: justify;\"><strong>LA JUNTA DIRECTIVA DE LA F.E. GRAMA<\/strong><\/p>\n","protected":false},"excerpt":{"rendered":"<p>COMUNICAT OFICIAL Despr\u00e9s d&#8217;una setmana d&#8217;atacs per part del mitj\u00e0 colomenc Gramenet 2.0 En l&#8217;edici\u00f3 del mes de maig de la Revista Diari de Santa Coloma, el \u00abperiodista\u00bb Jordi C ha decidit anar m\u00e9s enll\u00e0 en els seus enfrontaments directes amb la Fundaci\u00f3 Esportiva Grama i amb l&#8217;equip de Govern municipal denunciant de manera covarda [&hellip;]<\/p>\n","protected":false},"author":1,"featured_media":9801,"comment_status":"closed","ping_status":"closed","sticky":false,"template":"","format":"standard","meta":{"footnotes":""},"categories":[14],"tags":[],"class_list":["post-11134","post","type-post","status-publish","format-standard","has-post-thumbnail","hentry","category-noticies"],"_links":{"self":[{"href":"http:\/\/fegrama.cat\/web\/wp-json\/wp\/v2\/posts\/11134","targetHints":{"allow":["GET"]}}],"collection":[{"href":"http:\/\/fegrama.cat\/web\/wp-json\/wp\/v2\/posts"}],"about":[{"href":"http:\/\/fegrama.cat\/web\/wp-json\/wp\/v2\/types\/post"}],"author":[{"embeddable":true,"href":"http:\/\/fegrama.cat\/web\/wp-json\/wp\/v2\/users\/1"}],"replies":[{"embeddable":true,"href":"http:\/\/fegrama.cat\/web\/wp-json\/wp\/v2\/comments?post=11134"}],"version-history":[{"count":5,"href":"http:\/\/fegrama.cat\/web\/wp-json\/wp\/v2\/posts\/11134\/revisions"}],"predecessor-version":[{"id":11150,"href":"http:\/\/fegrama.cat\/web\/wp-json\/wp\/v2\/posts\/11134\/revisions\/11150"}],"wp:featuredmedia":[{"embeddable":true,"href":"http:\/\/fegrama.cat\/web\/wp-json\/wp\/v2\/media\/9801"}],"wp:attachment":[{"href":"http:\/\/fegrama.cat\/web\/wp-json\/wp\/v2\/media?parent=11134"}],"wp:term":[{"taxonomy":"category","embeddable":true,"href":"http:\/\/fegrama.cat\/web\/wp-json\/wp\/v2\/categories?post=11134"},{"taxonomy":"post_tag","embeddable":true,"href":"http:\/\/fegrama.cat\/web\/wp-json\/wp\/v2\/tags?post=11134"}],"curies":[{"name":"wp","href":"https:\/\/api.w.org\/{rel}","templated":true}]}}