{"id":11133,"date":"2015-05-02T16:50:17","date_gmt":"2015-05-02T15:50:17","guid":{"rendered":"http:\/\/fegrama.cat\/web\/?p=11133"},"modified":"2015-05-03T15:56:42","modified_gmt":"2015-05-03T14:56:42","slug":"dura-derrota-del-benjami-a-davant-el-badalona","status":"publish","type":"post","link":"http:\/\/fegrama.cat\/web\/dura-derrota-del-benjami-a-davant-el-badalona\/","title":{"rendered":"Dura derrota del Benjam\u00ed \u00abA\u00bb davant el Badalona"},"content":{"rendered":"<p>El favorit per al partit era el Benjam\u00ed \u00abA\u00bb de la Fundaci\u00f3 Esportiva Grama, els quarts de la classificaci\u00f3 davant el d\u00e8cims, un CF Badalona que sobre el camp va ser una piconadora. El marcador final de 0-13 per als visitants deixa molt clar el viscut dissabte al Nou Municipal.<\/p>\n<p>L&#8217;equip dirigit per Jonathan Serrat presentava diverses baixes per\u00f2 aix\u00f2 no va ser excusa per al mal partit de l&#8217;equip colomenc. Al minut 1 de partit s&#8217;avan\u00e7ava el Badalona que als deu minuts de partit ja guanyava 0-4; al descans el marcador era de 0-8.<\/p>\n<p>A la segona meitat mateix gui\u00f3, els visitants dominaven, jugaven, combinaven i eren molt efectius; aix\u00ed que caurien cinc gols m\u00e9s.\u00a0Avui no va ser el dia, tot i la dura derrota l&#8217;equip seguir\u00e0 en la quarta posici\u00f3.<\/p>\n<p><strong>FOTOS DEL PARTIT:<\/strong>\u00a0<a href=\"https:\/\/plus.google.com\/photos\/113125192083830612262\/albums\/6144321000826516321\" target=\"_blank\">https:\/\/plus.google.com\/photos\/113125192083830612262\/albums\/6144321000826516321<\/a><\/p>\n<p><a href=\"http:\/\/fegrama.cat\/web\/wp-content\/uploads\/2014\/12\/BENJAM\u00cd-AFUNDACIO-GRAMA-SANTA-COLOMA1.jpg\"><img loading=\"lazy\" decoding=\"async\" class=\"aligncenter size-full wp-image-8463\" alt=\"BENJAM\u00cd AFUNDACIO GRAMA SANTA COLOMA\" src=\"http:\/\/fegrama.cat\/web\/wp-content\/uploads\/2014\/12\/BENJAM\u00cd-AFUNDACIO-GRAMA-SANTA-COLOMA1.jpg\" width=\"640\" height=\"480\" srcset=\"http:\/\/fegrama.cat\/web\/wp-content\/uploads\/2014\/12\/BENJAM\u00cd-AFUNDACIO-GRAMA-SANTA-COLOMA1.jpg 640w, http:\/\/fegrama.cat\/web\/wp-content\/uploads\/2014\/12\/BENJAM\u00cd-AFUNDACIO-GRAMA-SANTA-COLOMA1-300x225.jpg 300w\" sizes=\"auto, (max-width: 640px) 100vw, 640px\" \/><\/a><\/p>\n<p>El favorito para el partido era el Benjam\u00edn \u00abA\u00bb de la Fundaci\u00f3 Esportiva Grama, los cuartos de la clasificaci\u00f3n ante lo d\u00e9cimos, un CF Badalona que sobre el campo fue una apisonadora. El marcador final de 0-13 para los visitantes deja muy claro lo vivido el s\u00e1bado en el Nou Municipal.<\/p>\n<p>El equipo dirigido por Jonathan Serrat presentaba varias bajas pero eso no fue excusa para el mal partido del equipo colomense. En el minuto 1 de partido se adelantaba el Badalona que a los diez minutos de partido ya ganaba 0-4; al descanso el marcador era de 0-8.<\/p>\n<p>En la segunda mitad mismo gui\u00f3n, los visitantes dominaban, jugaban, combinaban y eran muy efectivos; as\u00ed que caer\u00edan cinco goles m\u00e1s. Hoy no fue el d\u00eda, pese a la dura derrota el equipo seguir\u00e1 en la cuarta posici\u00f3n.<\/p>\n","protected":false},"excerpt":{"rendered":"<p>El favorit per al partit era el Benjam\u00ed \u00abA\u00bb de la Fundaci\u00f3 Esportiva Grama, els quarts de la classificaci\u00f3 davant el d\u00e8cims, un CF Badalona que sobre el camp va ser una piconadora. El marcador final de 0-13 per als visitants deixa molt clar el viscut dissabte al Nou Municipal. L&#8217;equip dirigit per Jonathan Serrat [&hellip;]<\/p>\n","protected":false},"author":1,"featured_media":0,"comment_status":"closed","ping_status":"closed","sticky":false,"template":"","format":"standard","meta":{"footnotes":""},"categories":[4,11],"tags":[],"class_list":["post-11133","post","type-post","status-publish","format-standard","hentry","category-base-inclusiu","category-benjamins"],"_links":{"self":[{"href":"http:\/\/fegrama.cat\/web\/wp-json\/wp\/v2\/posts\/11133","targetHints":{"allow":["GET"]}}],"collection":[{"href":"http:\/\/fegrama.cat\/web\/wp-json\/wp\/v2\/posts"}],"about":[{"href":"http:\/\/fegrama.cat\/web\/wp-json\/wp\/v2\/types\/post"}],"author":[{"embeddable":true,"href":"http:\/\/fegrama.cat\/web\/wp-json\/wp\/v2\/users\/1"}],"replies":[{"embeddable":true,"href":"http:\/\/fegrama.cat\/web\/wp-json\/wp\/v2\/comments?post=11133"}],"version-history":[{"count":2,"href":"http:\/\/fegrama.cat\/web\/wp-json\/wp\/v2\/posts\/11133\/revisions"}],"predecessor-version":[{"id":11141,"href":"http:\/\/fegrama.cat\/web\/wp-json\/wp\/v2\/posts\/11133\/revisions\/11141"}],"wp:attachment":[{"href":"http:\/\/fegrama.cat\/web\/wp-json\/wp\/v2\/media?parent=11133"}],"wp:term":[{"taxonomy":"category","embeddable":true,"href":"http:\/\/fegrama.cat\/web\/wp-json\/wp\/v2\/categories?post=11133"},{"taxonomy":"post_tag","embeddable":true,"href":"http:\/\/fegrama.cat\/web\/wp-json\/wp\/v2\/tags?post=11133"}],"curies":[{"name":"wp","href":"https:\/\/api.w.org\/{rel}","templated":true}]}}