{"id":11045,"date":"2015-04-27T18:07:02","date_gmt":"2015-04-27T17:07:02","guid":{"rendered":"http:\/\/fegrama.cat\/web\/?p=11045"},"modified":"2015-04-27T18:37:51","modified_gmt":"2015-04-27T17:37:51","slug":"golejada-del-benjami-c-8-0-a-la-vila-olimpica","status":"publish","type":"post","link":"http:\/\/fegrama.cat\/web\/golejada-del-benjami-c-8-0-a-la-vila-olimpica\/","title":{"rendered":"Golejada del Benjam\u00ed \u00abC\u00bb, 8-0 a la Vila Olimpica"},"content":{"rendered":"<p>Despr\u00e9s de sortir derrotats en el seu \u00faltim partit, els xavals del benjam\u00ed \u00abC\u00bb de la Fundaci\u00f3 Esportiva Grama, es van superar aix\u00ed mateixos, realitzant una trobada sublim davant el Vila Olimpica.<\/p>\n<p>El resultat ho diu pr\u00e0cticament tot i, a m\u00e9s, fa just\u00edcia si ens atenim als m\u00e8rits realitzats per un i altre equip. La Fundaci\u00f3 es va fer amb el control des del primer minut de joc, sense deixar cap tipus d&#8217;opci\u00f3 als visitants, ja que la veritat \u00e9s que tampoc van ser capa\u00e7os de controlar algun tram del partit.<\/p>\n<p>En conseq\u00fc\u00e8ncia vict\u00f2ria justa de la Fundaci\u00f3 Esportiva Grama, davant un rival que, aparentment, se&#8217;l veia amb altres possibilitats, previsions que afortunadament no es van complir i els colomencs van sortir airosos del seu xoc del cap de setmana.<\/p>\n<p><a href=\"http:\/\/fegrama.cat\/web\/wp-content\/uploads\/2014\/12\/BENJAM\u00cd-CFUNDACIO-GRAMA-SANTA-COLOMA1.jpg\"><img loading=\"lazy\" decoding=\"async\" class=\"aligncenter size-full wp-image-8457\" alt=\"BENJAM\u00cd CFUNDACIO GRAMA SANTA COLOMA\" src=\"http:\/\/fegrama.cat\/web\/wp-content\/uploads\/2014\/12\/BENJAM\u00cd-CFUNDACIO-GRAMA-SANTA-COLOMA1.jpg\" width=\"640\" height=\"480\" srcset=\"http:\/\/fegrama.cat\/web\/wp-content\/uploads\/2014\/12\/BENJAM\u00cd-CFUNDACIO-GRAMA-SANTA-COLOMA1.jpg 640w, http:\/\/fegrama.cat\/web\/wp-content\/uploads\/2014\/12\/BENJAM\u00cd-CFUNDACIO-GRAMA-SANTA-COLOMA1-300x225.jpg 300w\" sizes=\"auto, (max-width: 640px) 100vw, 640px\" \/><\/a><\/p>\n<p>Despu\u00e9s de salir derrotados en su \u00faltimo partido, los chavales del benjam\u00edn \u00abC\u00bb de la Fundaci\u00f3 Esportiva Grama, se superaron as\u00ed mismos, realizando un encuentro sublime ante el Vila Olimpica.<\/p>\n<p>El resultado lo dice pr\u00e1cticamente todo y, adem\u00e1s, hace justicia si nos atenemos a los m\u00e9ritos realizados por uno y otro equipo. La Fundaci\u00f3 se hizo con el control desde el primer minuto de juego, sin dejar ning\u00fan tipo de opci\u00f3n a los visitantes, pues lo cierto es que tampoco fueron capaces de controlar alg\u00fan tramo del partido.<\/p>\n<p>En consecuencia victoria justa de la Fundaci\u00f3 Esportiva Grama, ante un rival que, aparentemente, se le ve\u00eda con otras posibilidades, previsiones que afortunadamente no se cumplieron y los colomenses salieron airosos de su choque del fin de semana.<\/p>\n","protected":false},"excerpt":{"rendered":"<p>Despr\u00e9s de sortir derrotats en el seu \u00faltim partit, els xavals del benjam\u00ed \u00abC\u00bb de la Fundaci\u00f3 Esportiva Grama, es van superar aix\u00ed mateixos, realitzant una trobada sublim davant el Vila Olimpica. El resultat ho diu pr\u00e0cticament tot i, a m\u00e9s, fa just\u00edcia si ens atenim als m\u00e8rits realitzats per un i altre equip. La [&hellip;]<\/p>\n","protected":false},"author":1,"featured_media":0,"comment_status":"closed","ping_status":"closed","sticky":false,"template":"","format":"standard","meta":{"footnotes":""},"categories":[4,11],"tags":[],"class_list":["post-11045","post","type-post","status-publish","format-standard","hentry","category-base-inclusiu","category-benjamins"],"_links":{"self":[{"href":"http:\/\/fegrama.cat\/web\/wp-json\/wp\/v2\/posts\/11045","targetHints":{"allow":["GET"]}}],"collection":[{"href":"http:\/\/fegrama.cat\/web\/wp-json\/wp\/v2\/posts"}],"about":[{"href":"http:\/\/fegrama.cat\/web\/wp-json\/wp\/v2\/types\/post"}],"author":[{"embeddable":true,"href":"http:\/\/fegrama.cat\/web\/wp-json\/wp\/v2\/users\/1"}],"replies":[{"embeddable":true,"href":"http:\/\/fegrama.cat\/web\/wp-json\/wp\/v2\/comments?post=11045"}],"version-history":[{"count":3,"href":"http:\/\/fegrama.cat\/web\/wp-json\/wp\/v2\/posts\/11045\/revisions"}],"predecessor-version":[{"id":11051,"href":"http:\/\/fegrama.cat\/web\/wp-json\/wp\/v2\/posts\/11045\/revisions\/11051"}],"wp:attachment":[{"href":"http:\/\/fegrama.cat\/web\/wp-json\/wp\/v2\/media?parent=11045"}],"wp:term":[{"taxonomy":"category","embeddable":true,"href":"http:\/\/fegrama.cat\/web\/wp-json\/wp\/v2\/categories?post=11045"},{"taxonomy":"post_tag","embeddable":true,"href":"http:\/\/fegrama.cat\/web\/wp-json\/wp\/v2\/tags?post=11045"}],"curies":[{"name":"wp","href":"https:\/\/api.w.org\/{rel}","templated":true}]}}