{"id":11041,"date":"2015-04-27T18:06:13","date_gmt":"2015-04-27T17:06:13","guid":{"rendered":"http:\/\/fegrama.cat\/web\/?p=11041"},"modified":"2015-04-27T18:16:58","modified_gmt":"2015-04-27T17:16:58","slug":"golejada-del-benjami-d-al-pere-gol","status":"publish","type":"post","link":"http:\/\/fegrama.cat\/web\/golejada-del-benjami-d-al-pere-gol\/","title":{"rendered":"Golejada del Benjam\u00ed \u00abD\u00bb al Pere Gol"},"content":{"rendered":"<p>Trobada idoni del benjamin \u00abD\u00bb de la Fundaci\u00f3 Esportiva Grama, davant de la Salut Pere Gol, ja que els colomencs es van trobar amb un rival bastant fluix, encara que aquests es van avan\u00e7ar al marcador amb l&#8217;\u00fanic gol aconseguit per la seva banda en el que va ser la confrontaci\u00f3.<\/p>\n<p>Despr\u00e9s d&#8217;aquest tant els xavals de la Fundaci\u00f3, es van posar les piles, superant amb escreix el seu rival, trenant bones jugades i buscant la porta contraria amb certa facilitat.<\/p>\n<p>A la segona part va millorar l&#8217;actuaci\u00f3 local tant defensiva com ofensivament, impedint que els forasters poguessin fer amb el control del partit. Al final un merescut 6-1 en el marcador.<\/p>\n<p><a href=\"http:\/\/fegrama.cat\/web\/wp-content\/uploads\/2014\/12\/BENJAM\u00cd-DFUNDACIO-GRAMA-SANTA-COLOMA2.jpg\"><img loading=\"lazy\" decoding=\"async\" class=\"aligncenter size-full wp-image-8454\" alt=\"BENJAM\u00cd DFUNDACIO GRAMA SANTA COLOMA\" src=\"http:\/\/fegrama.cat\/web\/wp-content\/uploads\/2014\/12\/BENJAM\u00cd-DFUNDACIO-GRAMA-SANTA-COLOMA2.jpg\" width=\"640\" height=\"480\" srcset=\"http:\/\/fegrama.cat\/web\/wp-content\/uploads\/2014\/12\/BENJAM\u00cd-DFUNDACIO-GRAMA-SANTA-COLOMA2.jpg 640w, http:\/\/fegrama.cat\/web\/wp-content\/uploads\/2014\/12\/BENJAM\u00cd-DFUNDACIO-GRAMA-SANTA-COLOMA2-300x225.jpg 300w\" sizes=\"auto, (max-width: 640px) 100vw, 640px\" \/><\/a><\/p>\n<p>Encuentro id\u00f3neo del benjamin \u00abD\u00bb de la Fundaci\u00f3 Esportiva Grama, frente a la Salut Pere Gol, ya que los colomenses se encontraron con un rival bastante flojo, aunque \u00e9stos se adelantaron en el marcador con el \u00fanico gol conseguido por su parte en lo que fue la confrontaci\u00f3n.<\/p>\n<p>Despu\u00e9s de ese tanto los chavales de la Fundaci\u00f3, se pusieron las pilas, superando con creces a su rival, trenzando buenas jugadas y buscando la puerta contrar\u00eda con cierta facilidad.<\/p>\n<p>En la segunda parte mejor\u00f3 la actuaci\u00f3n local tanto defensiva como ofensivamente, impidiendo que los forasteros pudieran hacer con el control del partido. Al final un merecido 6-1 en el marcador.<\/p>\n","protected":false},"excerpt":{"rendered":"<p>Trobada idoni del benjamin \u00abD\u00bb de la Fundaci\u00f3 Esportiva Grama, davant de la Salut Pere Gol, ja que els colomencs es van trobar amb un rival bastant fluix, encara que aquests es van avan\u00e7ar al marcador amb l&#8217;\u00fanic gol aconseguit per la seva banda en el que va ser la confrontaci\u00f3. Despr\u00e9s d&#8217;aquest tant els [&hellip;]<\/p>\n","protected":false},"author":1,"featured_media":0,"comment_status":"closed","ping_status":"closed","sticky":false,"template":"","format":"standard","meta":{"footnotes":""},"categories":[4,11],"tags":[],"class_list":["post-11041","post","type-post","status-publish","format-standard","hentry","category-base-inclusiu","category-benjamins"],"_links":{"self":[{"href":"http:\/\/fegrama.cat\/web\/wp-json\/wp\/v2\/posts\/11041","targetHints":{"allow":["GET"]}}],"collection":[{"href":"http:\/\/fegrama.cat\/web\/wp-json\/wp\/v2\/posts"}],"about":[{"href":"http:\/\/fegrama.cat\/web\/wp-json\/wp\/v2\/types\/post"}],"author":[{"embeddable":true,"href":"http:\/\/fegrama.cat\/web\/wp-json\/wp\/v2\/users\/1"}],"replies":[{"embeddable":true,"href":"http:\/\/fegrama.cat\/web\/wp-json\/wp\/v2\/comments?post=11041"}],"version-history":[{"count":2,"href":"http:\/\/fegrama.cat\/web\/wp-json\/wp\/v2\/posts\/11041\/revisions"}],"predecessor-version":[{"id":11047,"href":"http:\/\/fegrama.cat\/web\/wp-json\/wp\/v2\/posts\/11041\/revisions\/11047"}],"wp:attachment":[{"href":"http:\/\/fegrama.cat\/web\/wp-json\/wp\/v2\/media?parent=11041"}],"wp:term":[{"taxonomy":"category","embeddable":true,"href":"http:\/\/fegrama.cat\/web\/wp-json\/wp\/v2\/categories?post=11041"},{"taxonomy":"post_tag","embeddable":true,"href":"http:\/\/fegrama.cat\/web\/wp-json\/wp\/v2\/tags?post=11041"}],"curies":[{"name":"wp","href":"https:\/\/api.w.org\/{rel}","templated":true}]}}