{"id":11024,"date":"2015-04-27T12:13:12","date_gmt":"2015-04-27T11:13:12","guid":{"rendered":"http:\/\/fegrama.cat\/web\/?p=11024"},"modified":"2015-04-27T16:16:41","modified_gmt":"2015-04-27T15:16:41","slug":"lalevi-c-va-golejar-a-santa-perpetua","status":"publish","type":"post","link":"http:\/\/fegrama.cat\/web\/lalevi-c-va-golejar-a-santa-perpetua\/","title":{"rendered":"L&#8217;Alev\u00ed \u00abC\u00bb va golejar a Santa Perp\u00e8tua"},"content":{"rendered":"<p>Cinqu\u00e8 partit consecutiu sense perdre d&#8217;un Alev\u00ed \u00abC\u00bb que \u00e9s tercer a la classificaci\u00f3 amb un punt d&#8217;avantatge sobre el quart, la lluita per acabar en aquesta posici\u00f3\u00a0segueix amb el nostre equip davant. Vict\u00f2ria per 1-9 davant la Unificaci\u00f3n CF Santa Perp\u00e8tua, equip de primer any.<\/p>\n<p>Partit molt complet dels nois de Dani Anguita; igual que la setmana passada l&#8217;equip va estar a molt bon nivell per\u00f2 la difer\u00e8ncia \u00e9s que aquesta vegada si van tenir molta punteria. Molt bon joc de la Fundaci\u00f3 davant un pen\u00faltim classificat que no va poder fer; fins a sis pilotes al pal van enviar els colomencs que van ficar 9 gols per\u00f2 van poder ser m\u00e9s.<\/p>\n<p>Primer quart i segon a gran nivell, despr\u00e9s els canvis i el resultat van fer que arribar\u00e0 una petita relaxaci\u00f3. Van marcar: V\u00edctor Qui\u00f1ones un &#8216;hat-trick&#8217;, Oliver Israel Acosta dos gols, Gerard Arjona dos gols i un per a Javier Hidalgo i Fernando G\u00f3mez.<\/p>\n<p><a href=\"http:\/\/fegrama.cat\/web\/wp-content\/uploads\/2014\/12\/ALEV\u00cd-CFUNDACIO-GRAMA-SANTA-COLOMA.jpg\"><img loading=\"lazy\" decoding=\"async\" class=\"aligncenter size-full wp-image-8438\" alt=\"ALEV\u00cd CFUNDACIO GRAMA SANTA COLOMA\" src=\"http:\/\/fegrama.cat\/web\/wp-content\/uploads\/2014\/12\/ALEV\u00cd-CFUNDACIO-GRAMA-SANTA-COLOMA.jpg\" width=\"640\" height=\"480\" srcset=\"http:\/\/fegrama.cat\/web\/wp-content\/uploads\/2014\/12\/ALEV\u00cd-CFUNDACIO-GRAMA-SANTA-COLOMA.jpg 640w, http:\/\/fegrama.cat\/web\/wp-content\/uploads\/2014\/12\/ALEV\u00cd-CFUNDACIO-GRAMA-SANTA-COLOMA-300x225.jpg 300w\" sizes=\"auto, (max-width: 640px) 100vw, 640px\" \/><\/a><\/p>\n<p>Quinto partido consecutivo sin perder de un Alev\u00edn \u00abC\u00bb que es tercero en la clasificaci\u00f3n con un punto de ventaja sobre el cuarto, la lucha por acabar en esta lucha sigue con nuestro equipo delante. Victoria por 1-9 ante la Unificaci\u00f3n CF Santa Perpetua, equipo de primer a\u00f1o.<\/p>\n<p>Partido muy completo de los chicos de Dani Anguita; al igual que la semana pasada el equipo estuvo a muy buen nivel pero la diferencia es que estaba vez si tuvieron mucha punter\u00eda. Muy buen juego de la Fundaci\u00f3 ante un pen\u00faltimo clasificado que nada pudo hacer; hasta seis balones al palo enviaron los colomenses que metieron 9 goles pero pudieron ser m\u00e1s.<\/p>\n<p>Primer cuarto y segundo a gran nivel, despu\u00e9s los cambios y el resultado ampli\u00f3 hicieron que llegar\u00e1 una peque\u00f1a relajaci\u00f3n. Marcaron: V\u00edctor Qui\u00f1ones un &#8216;hat-trick&#8217;, Oliver Israel Acosta dos goles, Gerard Arjona dos goles y uno para Javier Hidalgo y Fernando G\u00f3mez.<\/p>\n","protected":false},"excerpt":{"rendered":"<p>Cinqu\u00e8 partit consecutiu sense perdre d&#8217;un Alev\u00ed \u00abC\u00bb que \u00e9s tercer a la classificaci\u00f3 amb un punt d&#8217;avantatge sobre el quart, la lluita per acabar en aquesta posici\u00f3\u00a0segueix amb el nostre equip davant. Vict\u00f2ria per 1-9 davant la Unificaci\u00f3n CF Santa Perp\u00e8tua, equip de primer any. Partit molt complet dels nois de Dani Anguita; igual [&hellip;]<\/p>\n","protected":false},"author":1,"featured_media":0,"comment_status":"closed","ping_status":"closed","sticky":false,"template":"","format":"standard","meta":{"footnotes":""},"categories":[10,4],"tags":[],"class_list":["post-11024","post","type-post","status-publish","format-standard","hentry","category-alevins","category-base-inclusiu"],"_links":{"self":[{"href":"http:\/\/fegrama.cat\/web\/wp-json\/wp\/v2\/posts\/11024","targetHints":{"allow":["GET"]}}],"collection":[{"href":"http:\/\/fegrama.cat\/web\/wp-json\/wp\/v2\/posts"}],"about":[{"href":"http:\/\/fegrama.cat\/web\/wp-json\/wp\/v2\/types\/post"}],"author":[{"embeddable":true,"href":"http:\/\/fegrama.cat\/web\/wp-json\/wp\/v2\/users\/1"}],"replies":[{"embeddable":true,"href":"http:\/\/fegrama.cat\/web\/wp-json\/wp\/v2\/comments?post=11024"}],"version-history":[{"count":1,"href":"http:\/\/fegrama.cat\/web\/wp-json\/wp\/v2\/posts\/11024\/revisions"}],"predecessor-version":[{"id":11025,"href":"http:\/\/fegrama.cat\/web\/wp-json\/wp\/v2\/posts\/11024\/revisions\/11025"}],"wp:attachment":[{"href":"http:\/\/fegrama.cat\/web\/wp-json\/wp\/v2\/media?parent=11024"}],"wp:term":[{"taxonomy":"category","embeddable":true,"href":"http:\/\/fegrama.cat\/web\/wp-json\/wp\/v2\/categories?post=11024"},{"taxonomy":"post_tag","embeddable":true,"href":"http:\/\/fegrama.cat\/web\/wp-json\/wp\/v2\/tags?post=11024"}],"curies":[{"name":"wp","href":"https:\/\/api.w.org\/{rel}","templated":true}]}}