{"id":11016,"date":"2015-04-27T18:08:55","date_gmt":"2015-04-27T17:08:55","guid":{"rendered":"http:\/\/fegrama.cat\/web\/?p=11016"},"modified":"2015-04-27T18:08:55","modified_gmt":"2015-04-27T17:08:55","slug":"victoria-del-benjami-b-a-casa","status":"publish","type":"post","link":"http:\/\/fegrama.cat\/web\/victoria-del-benjami-b-a-casa\/","title":{"rendered":"Vict\u00f2ria del Benjam\u00ed \u00abB\u00bb a casa"},"content":{"rendered":"<p>Merescuda vict\u00f2ria de l&#8217;equip benjam\u00ed \u00abB\u00bb de la Fundaci\u00f3 Esportiva Grama, davant del Vilassar de Dalt. Un partit molt dif\u00edcil, ja que els del Maresme, es van mostrar com un equip molt corretj\u00f3s i ben posicionat al camp.<\/p>\n<p>El xoc el podia haver liquidat la Grama en el primer i segon quart, a causa de les ocasions creades, per\u00f2 va haver d&#8217;esperar una mica m\u00e9s. Finalment van arribar els gols i el triomf per 3-1 favorable als locals. Un pas m\u00e9s de cara a aconseguir el t\u00edtol de campions.<\/p>\n<p><a href=\"http:\/\/fegrama.cat\/web\/wp-content\/uploads\/2014\/12\/BENJAM\u00cd-BFUNDACIO-GRAMA-SANTA-COLOMA1.jpg\"><img loading=\"lazy\" decoding=\"async\" class=\"aligncenter size-full wp-image-8460\" alt=\"BENJAM\u00cd BFUNDACIO GRAMA SANTA COLOMA\" src=\"http:\/\/fegrama.cat\/web\/wp-content\/uploads\/2014\/12\/BENJAM\u00cd-BFUNDACIO-GRAMA-SANTA-COLOMA1.jpg\" width=\"640\" height=\"480\" srcset=\"http:\/\/fegrama.cat\/web\/wp-content\/uploads\/2014\/12\/BENJAM\u00cd-BFUNDACIO-GRAMA-SANTA-COLOMA1.jpg 640w, http:\/\/fegrama.cat\/web\/wp-content\/uploads\/2014\/12\/BENJAM\u00cd-BFUNDACIO-GRAMA-SANTA-COLOMA1-300x225.jpg 300w\" sizes=\"auto, (max-width: 640px) 100vw, 640px\" \/><\/a><\/p>\n<p>Merecida victoria del equipo benjam\u00edn \u00abB\u00bb de la Fundaci\u00f3 Esportiva Grama, frente al Vilassar de Dalt. Un partido muy dif\u00edcil, ya que los del Maresme, se mostraron como un equipo muy correoso y bien posicionado en el campo.<\/p>\n<p>El choque lo pod\u00eda haber finiquitado la Grama en el primer y segundo cuarto, debido a las ocasiones creadas, pero tuvo que esperar un poco mas. Finalmente llegaron los goles y el triunfo por 3-1 favorable a los locales. Un paso mas de cara a conseguir el titulo de campeones.<\/p>\n","protected":false},"excerpt":{"rendered":"<p>Merescuda vict\u00f2ria de l&#8217;equip benjam\u00ed \u00abB\u00bb de la Fundaci\u00f3 Esportiva Grama, davant del Vilassar de Dalt. Un partit molt dif\u00edcil, ja que els del Maresme, es van mostrar com un equip molt corretj\u00f3s i ben posicionat al camp. El xoc el podia haver liquidat la Grama en el primer i segon quart, a causa de [&hellip;]<\/p>\n","protected":false},"author":1,"featured_media":9609,"comment_status":"closed","ping_status":"closed","sticky":false,"template":"","format":"standard","meta":{"footnotes":""},"categories":[4,11],"tags":[],"class_list":["post-11016","post","type-post","status-publish","format-standard","has-post-thumbnail","hentry","category-base-inclusiu","category-benjamins"],"_links":{"self":[{"href":"http:\/\/fegrama.cat\/web\/wp-json\/wp\/v2\/posts\/11016","targetHints":{"allow":["GET"]}}],"collection":[{"href":"http:\/\/fegrama.cat\/web\/wp-json\/wp\/v2\/posts"}],"about":[{"href":"http:\/\/fegrama.cat\/web\/wp-json\/wp\/v2\/types\/post"}],"author":[{"embeddable":true,"href":"http:\/\/fegrama.cat\/web\/wp-json\/wp\/v2\/users\/1"}],"replies":[{"embeddable":true,"href":"http:\/\/fegrama.cat\/web\/wp-json\/wp\/v2\/comments?post=11016"}],"version-history":[{"count":2,"href":"http:\/\/fegrama.cat\/web\/wp-json\/wp\/v2\/posts\/11016\/revisions"}],"predecessor-version":[{"id":11042,"href":"http:\/\/fegrama.cat\/web\/wp-json\/wp\/v2\/posts\/11016\/revisions\/11042"}],"wp:featuredmedia":[{"embeddable":true,"href":"http:\/\/fegrama.cat\/web\/wp-json\/wp\/v2\/media\/9609"}],"wp:attachment":[{"href":"http:\/\/fegrama.cat\/web\/wp-json\/wp\/v2\/media?parent=11016"}],"wp:term":[{"taxonomy":"category","embeddable":true,"href":"http:\/\/fegrama.cat\/web\/wp-json\/wp\/v2\/categories?post=11016"},{"taxonomy":"post_tag","embeddable":true,"href":"http:\/\/fegrama.cat\/web\/wp-json\/wp\/v2\/tags?post=11016"}],"curies":[{"name":"wp","href":"https:\/\/api.w.org\/{rel}","templated":true}]}}