{"id":11012,"date":"2015-04-27T16:21:00","date_gmt":"2015-04-27T15:21:00","guid":{"rendered":"http:\/\/fegrama.cat\/web\/?p=11012"},"modified":"2015-04-27T16:21:00","modified_gmt":"2015-04-27T15:21:00","slug":"golejada-del-cadet-c-al-martinenc-0-7","status":"publish","type":"post","link":"http:\/\/fegrama.cat\/web\/golejada-del-cadet-c-al-martinenc-0-7\/","title":{"rendered":"Golejada del Cadet \u00abC\u00bb al Martinenc (0-7)"},"content":{"rendered":"<p>Aquest podria qualificar-se\u00a0del partit m\u00e9s complet de la temporada, quant a joc, efici\u00e8ncia t\u00e8cnica i mentalitat per part dels cadet \u00abC\u00bb de la Fundaci\u00f3 Esportiva Grama. De fet aqu\u00ed est\u00e0 aquest 0-7 davant del Martinenc que parla per si sol.<\/p>\n<p>Els xavals de la Fundaci\u00f3 van comen\u00e7ar molt segurs amb la pilota, dominant totes les fases del joc tant en defensa com en atac, faltant potser una mica de profunditat per concloure les ocasions que van arribar a generar. Es va modificar una mica la t\u00e0ctica i els colomencs es van obrir a les bandes per intentar aix\u00ed crear m\u00e9s perill, donant els seus fruits aquesta variaci\u00f3, ja que Morales i Chavarria aconsegueixen marcar, sent Ra\u00fal l&#8217;autor del tercer d&#8217;un llan\u00e7ament des de fora de l&#8217;\u00e0rea. Amb aquest avantatge de 0-3 finalitzaria el primer temps.<\/p>\n<p>En la continuaci\u00f3 la Grama no va baixar la intensitat, mantenint una l\u00ednia de joc alta, controlant b\u00e9 la pilota i buscant les sortides r\u00e0pides, que van propiciar l&#8217;arribada de quatre gols m\u00e9s, i Morales, Sarradell i Ra\u00fal per dues vegades els que tanquessin el marcador .<\/p>\n<p><a href=\"http:\/\/fegrama.cat\/web\/wp-content\/uploads\/2014\/12\/CADET-CFUNDACIO-GRAMA-SANTA-COLOMA2.jpg\"><img loading=\"lazy\" decoding=\"async\" class=\"aligncenter size-full wp-image-8386\" alt=\"CADET CFUNDACIO GRAMA SANTA COLOMA\" src=\"http:\/\/fegrama.cat\/web\/wp-content\/uploads\/2014\/12\/CADET-CFUNDACIO-GRAMA-SANTA-COLOMA2.jpg\" width=\"640\" height=\"480\" srcset=\"http:\/\/fegrama.cat\/web\/wp-content\/uploads\/2014\/12\/CADET-CFUNDACIO-GRAMA-SANTA-COLOMA2.jpg 640w, http:\/\/fegrama.cat\/web\/wp-content\/uploads\/2014\/12\/CADET-CFUNDACIO-GRAMA-SANTA-COLOMA2-300x225.jpg 300w\" sizes=\"auto, (max-width: 640px) 100vw, 640px\" \/><\/a><\/p>\n<p>Este podr\u00eda calificarse del partido mas completo de la temporada, en cuanto a juego, eficiencia t\u00e9cnica y mentalidad por parte de los cadete \u00abC\u00bb de la Fundaci\u00f3 Esportiva Grama. De hecho ah\u00ed est\u00e1 ese 0-7 frente al Martinenc que habla por si solo.<\/p>\n<p>Los chavales de la Fundaci\u00f3 empezaron muy seguros con el bal\u00f3n, dominando todas las fases del juego tanto en defensa como en ataque, faltando quiz\u00e1 una pizca de profundidad para concluir las ocasiones que llegaron a generar. Se modific\u00f3 un poco la t\u00e1ctica y \u00a0los colomenses se abrieron a las bandas para intentar as\u00ed crear mas peligro, dando sus frutos esta variaci\u00f3n, ya que Morales y Chavarria consiguen marcar, siendo Ra\u00fal el autor del tercero de un lanzamiento desde fuera del \u00e1rea. Con esa ventaja de 0-3 finalizar\u00eda el primer tiempo.<\/p>\n<p>En la continuaci\u00f3n la Grama no baj\u00f3 la intensidad , manteniendo una linea de juego alta, controlando bien el bal\u00f3n y buscando las salidas r\u00e1pidas, que propiciaron la llegada de cuatro goles m\u00e1s, siendo Morales, Sarradell y Ra\u00fal por dos veces los que cerraran el marcador.<\/p>\n<p>&nbsp;<\/p>\n","protected":false},"excerpt":{"rendered":"<p>Aquest podria qualificar-se\u00a0del partit m\u00e9s complet de la temporada, quant a joc, efici\u00e8ncia t\u00e8cnica i mentalitat per part dels cadet \u00abC\u00bb de la Fundaci\u00f3 Esportiva Grama. De fet aqu\u00ed est\u00e0 aquest 0-7 davant del Martinenc que parla per si sol. Els xavals de la Fundaci\u00f3 van comen\u00e7ar molt segurs amb la pilota, dominant totes les [&hellip;]<\/p>\n","protected":false},"author":1,"featured_media":6220,"comment_status":"closed","ping_status":"closed","sticky":false,"template":"","format":"standard","meta":{"footnotes":""},"categories":[4,7],"tags":[],"class_list":["post-11012","post","type-post","status-publish","format-standard","has-post-thumbnail","hentry","category-base-inclusiu","category-cadets"],"_links":{"self":[{"href":"http:\/\/fegrama.cat\/web\/wp-json\/wp\/v2\/posts\/11012","targetHints":{"allow":["GET"]}}],"collection":[{"href":"http:\/\/fegrama.cat\/web\/wp-json\/wp\/v2\/posts"}],"about":[{"href":"http:\/\/fegrama.cat\/web\/wp-json\/wp\/v2\/types\/post"}],"author":[{"embeddable":true,"href":"http:\/\/fegrama.cat\/web\/wp-json\/wp\/v2\/users\/1"}],"replies":[{"embeddable":true,"href":"http:\/\/fegrama.cat\/web\/wp-json\/wp\/v2\/comments?post=11012"}],"version-history":[{"count":2,"href":"http:\/\/fegrama.cat\/web\/wp-json\/wp\/v2\/posts\/11012\/revisions"}],"predecessor-version":[{"id":11032,"href":"http:\/\/fegrama.cat\/web\/wp-json\/wp\/v2\/posts\/11012\/revisions\/11032"}],"wp:featuredmedia":[{"embeddable":true,"href":"http:\/\/fegrama.cat\/web\/wp-json\/wp\/v2\/media\/6220"}],"wp:attachment":[{"href":"http:\/\/fegrama.cat\/web\/wp-json\/wp\/v2\/media?parent=11012"}],"wp:term":[{"taxonomy":"category","embeddable":true,"href":"http:\/\/fegrama.cat\/web\/wp-json\/wp\/v2\/categories?post=11012"},{"taxonomy":"post_tag","embeddable":true,"href":"http:\/\/fegrama.cat\/web\/wp-json\/wp\/v2\/tags?post=11012"}],"curies":[{"name":"wp","href":"https:\/\/api.w.org\/{rel}","templated":true}]}}