{"id":10999,"date":"2015-04-27T12:44:35","date_gmt":"2015-04-27T11:44:35","guid":{"rendered":"http:\/\/fegrama.cat\/web\/?p=10999"},"modified":"2015-04-27T12:44:35","modified_gmt":"2015-04-27T11:44:35","slug":"golejada-de-linfantil-c-al-camp-de-la-manigua","status":"publish","type":"post","link":"http:\/\/fegrama.cat\/web\/golejada-de-linfantil-c-al-camp-de-la-manigua\/","title":{"rendered":"Golejada de l&#8217;Infantil \u00abC\u00bb al camp de la Manigua"},"content":{"rendered":"<p>Resultat contundent el de l&#8217;equip infantil \u00abC\u00bb de la Fundaci\u00f3 Esportiva Grama en la seva visita al camp de la Gran Penya Espanolista Manigua \u00abB\u00bb, un rival aquest al que els colomencs els costa guanyar quan juguen al seu camp, per\u00f2 en aquesta ocasi\u00f3 van canviar les tornes i qui va oferir una imatge seriosa, possiblement jugant un dels millors partits de la temporada, va ser la Grama.<\/p>\n<p>En un camp d&#8217;unes mesures molt redu\u00efdes, els de Santa Coloma que van mostrar una actitud aguerrida i activa, es van fer amb el control del partit, no deixant cap opci\u00f3 als locals. Tamb\u00e9 cal destacar que sabien el que es jugaven i aqu\u00ed van estar donant un nivell extraordinari.<\/p>\n<p><strong>FOTOS DEL PARTIT:<\/strong>\u00a0<a href=\"https:\/\/plus.google.com\/u\/0\/photos\/114910583159723277693\/albums\/6141769775431931649\" target=\"_blank\">https:\/\/plus.google.com\/u\/0\/photos\/114910583159723277693\/albums\/6141769775431931649<\/a><\/p>\n<p><a href=\"http:\/\/fegrama.cat\/web\/wp-content\/uploads\/2013\/12\/INFANTIL-CFUNDACIO-GRAMA-SANTA-COLOMA.jpg\"><img loading=\"lazy\" decoding=\"async\" class=\"aligncenter size-full wp-image-8355\" alt=\"INFANTIL C,FUNDACIO GRAMA SANTA COLOMA\" src=\"http:\/\/fegrama.cat\/web\/wp-content\/uploads\/2013\/12\/INFANTIL-CFUNDACIO-GRAMA-SANTA-COLOMA.jpg\" width=\"640\" height=\"480\" srcset=\"http:\/\/fegrama.cat\/web\/wp-content\/uploads\/2013\/12\/INFANTIL-CFUNDACIO-GRAMA-SANTA-COLOMA.jpg 640w, http:\/\/fegrama.cat\/web\/wp-content\/uploads\/2013\/12\/INFANTIL-CFUNDACIO-GRAMA-SANTA-COLOMA-300x225.jpg 300w\" sizes=\"auto, (max-width: 640px) 100vw, 640px\" \/><\/a><\/p>\n<p>Resultado contundente el del equipo infantil \u00abC\u00bb de la Fundaci\u00f3 Esportiva Grama en su visita al campo de la Penya Manigua, un rival \u00e9ste al que los colomenses les cuesta ganar cuando juegan en su campo, pero en esta ocasi\u00f3n cambiaron las tornas y quien ofreci\u00f3 una imagen seria, posiblemente jugando uno de los mejores partidos de la temporada, fue la Grama.<\/p>\n<p>En un campo de unas medidas muy reducidas, los de Santa Coloma que mostraron una actitud aguerrida y activa, se hicieron con el control del partido, no dejando opci\u00f3n alguna a los locales. Tambi\u00e9n hay que destacar que sab\u00edan lo que se jugaban y ah\u00ed estuvieron dando un nivel extraordinario.<\/p>\n","protected":false},"excerpt":{"rendered":"<p>Resultat contundent el de l&#8217;equip infantil \u00abC\u00bb de la Fundaci\u00f3 Esportiva Grama en la seva visita al camp de la Gran Penya Espanolista Manigua \u00abB\u00bb, un rival aquest al que els colomencs els costa guanyar quan juguen al seu camp, per\u00f2 en aquesta ocasi\u00f3 van canviar les tornes i qui va oferir una imatge seriosa, [&hellip;]<\/p>\n","protected":false},"author":1,"featured_media":0,"comment_status":"closed","ping_status":"closed","sticky":false,"template":"","format":"standard","meta":{"footnotes":""},"categories":[4,9],"tags":[],"class_list":["post-10999","post","type-post","status-publish","format-standard","hentry","category-base-inclusiu","category-infantils"],"_links":{"self":[{"href":"http:\/\/fegrama.cat\/web\/wp-json\/wp\/v2\/posts\/10999","targetHints":{"allow":["GET"]}}],"collection":[{"href":"http:\/\/fegrama.cat\/web\/wp-json\/wp\/v2\/posts"}],"about":[{"href":"http:\/\/fegrama.cat\/web\/wp-json\/wp\/v2\/types\/post"}],"author":[{"embeddable":true,"href":"http:\/\/fegrama.cat\/web\/wp-json\/wp\/v2\/users\/1"}],"replies":[{"embeddable":true,"href":"http:\/\/fegrama.cat\/web\/wp-json\/wp\/v2\/comments?post=10999"}],"version-history":[{"count":2,"href":"http:\/\/fegrama.cat\/web\/wp-json\/wp\/v2\/posts\/10999\/revisions"}],"predecessor-version":[{"id":11020,"href":"http:\/\/fegrama.cat\/web\/wp-json\/wp\/v2\/posts\/10999\/revisions\/11020"}],"wp:attachment":[{"href":"http:\/\/fegrama.cat\/web\/wp-json\/wp\/v2\/media?parent=10999"}],"wp:term":[{"taxonomy":"category","embeddable":true,"href":"http:\/\/fegrama.cat\/web\/wp-json\/wp\/v2\/categories?post=10999"},{"taxonomy":"post_tag","embeddable":true,"href":"http:\/\/fegrama.cat\/web\/wp-json\/wp\/v2\/tags?post=10999"}],"curies":[{"name":"wp","href":"https:\/\/api.w.org\/{rel}","templated":true}]}}