{"id":10997,"date":"2015-04-27T16:24:14","date_gmt":"2015-04-27T15:24:14","guid":{"rendered":"http:\/\/fegrama.cat\/web\/?p=10997"},"modified":"2015-04-27T16:24:14","modified_gmt":"2015-04-27T15:24:14","slug":"el-cadet-b-va-guanyar-a-municipal-escola-industrial","status":"publish","type":"post","link":"http:\/\/fegrama.cat\/web\/el-cadet-b-va-guanyar-a-municipal-escola-industrial\/","title":{"rendered":"El Cadet \u00abB\u00bb va guanyar al Municipal Escola Industrial"},"content":{"rendered":"<p>Partit impecable el jugat pel cadet \u00abB\u00bb de la Fundaci\u00f3 Esportiva Grama, al camp del UB Catalonia. Un xoc en qu\u00e8 l&#8217;excel\u00b7l\u00e8ncia de jugar b\u00e9, dominant tant en atac, centre del camp i defensa, va fer que els xavals de Santa Coloma, manessin des del primer moment.<\/p>\n<p>Hi va haver alguna fase complicada, `per\u00f2 l&#8217;encert del porter colomenc, va acabar amb les esperances dels locals. La Grama, amb un bon marcador, va saber contenir i entretenir la pilota al centre del camp i en els moments precisos, dormint el ritme i guanyant-li minuts al cron\u00f2metre.<\/p>\n<p>Un xoc per tenir en compte i felicitar els cadets del \u00abB\u00bb que van deixar un bon sabor de boca en la seva visita al camp del Catalonia.<\/p>\n<p><a href=\"http:\/\/fegrama.cat\/web\/wp-content\/uploads\/2014\/12\/CADET-BFUNDACIO-GRAMA-SANTA-COLOMA.jpg\"><img loading=\"lazy\" decoding=\"async\" class=\"aligncenter size-full wp-image-8389\" alt=\"CADET BFUNDACIO GRAMA SANTA COLOMA\" src=\"http:\/\/fegrama.cat\/web\/wp-content\/uploads\/2014\/12\/CADET-BFUNDACIO-GRAMA-SANTA-COLOMA.jpg\" width=\"640\" height=\"480\" srcset=\"http:\/\/fegrama.cat\/web\/wp-content\/uploads\/2014\/12\/CADET-BFUNDACIO-GRAMA-SANTA-COLOMA.jpg 640w, http:\/\/fegrama.cat\/web\/wp-content\/uploads\/2014\/12\/CADET-BFUNDACIO-GRAMA-SANTA-COLOMA-300x225.jpg 300w\" sizes=\"auto, (max-width: 640px) 100vw, 640px\" \/><\/a><\/p>\n<p>Partido impecable el jugado por el cadete \u00abB\u00bb de la Fundaci\u00f3 Esportiva Grama, en el campo del Catalonia. Un choque en el que la excelencia de jugar bien, dominando tanto en ataque, centro del campo y defensa, hizo que los chavales de Santa Coloma, mandaran desde el primer momento.<\/p>\n<p>Hubo alguna fase complicada, `pero el acierto del portero colomense, acab\u00f3 con las esperanzas de los locales. La Grama, con un buen marcador, supo contener y entretener el bal\u00f3n en el centro del campo y en los momentos precisos, durmiendo el ritmo y gan\u00e1ndole minutos al cron\u00f3metro.<\/p>\n<p>Un choque para tener en cuenta y felicitar los cadetes del \u00abB\u00bb que dejaron un buen sabor de boca en su visita al campo del Catalonia.<\/p>\n","protected":false},"excerpt":{"rendered":"<p>Partit impecable el jugat pel cadet \u00abB\u00bb de la Fundaci\u00f3 Esportiva Grama, al camp del UB Catalonia. Un xoc en qu\u00e8 l&#8217;excel\u00b7l\u00e8ncia de jugar b\u00e9, dominant tant en atac, centre del camp i defensa, va fer que els xavals de Santa Coloma, manessin des del primer moment. Hi va haver alguna fase complicada, `per\u00f2 l&#8217;encert [&hellip;]<\/p>\n","protected":false},"author":1,"featured_media":0,"comment_status":"closed","ping_status":"closed","sticky":false,"template":"","format":"standard","meta":{"footnotes":""},"categories":[4,7],"tags":[],"class_list":["post-10997","post","type-post","status-publish","format-standard","hentry","category-base-inclusiu","category-cadets"],"_links":{"self":[{"href":"http:\/\/fegrama.cat\/web\/wp-json\/wp\/v2\/posts\/10997","targetHints":{"allow":["GET"]}}],"collection":[{"href":"http:\/\/fegrama.cat\/web\/wp-json\/wp\/v2\/posts"}],"about":[{"href":"http:\/\/fegrama.cat\/web\/wp-json\/wp\/v2\/types\/post"}],"author":[{"embeddable":true,"href":"http:\/\/fegrama.cat\/web\/wp-json\/wp\/v2\/users\/1"}],"replies":[{"embeddable":true,"href":"http:\/\/fegrama.cat\/web\/wp-json\/wp\/v2\/comments?post=10997"}],"version-history":[{"count":2,"href":"http:\/\/fegrama.cat\/web\/wp-json\/wp\/v2\/posts\/10997\/revisions"}],"predecessor-version":[{"id":11033,"href":"http:\/\/fegrama.cat\/web\/wp-json\/wp\/v2\/posts\/10997\/revisions\/11033"}],"wp:attachment":[{"href":"http:\/\/fegrama.cat\/web\/wp-json\/wp\/v2\/media?parent=10997"}],"wp:term":[{"taxonomy":"category","embeddable":true,"href":"http:\/\/fegrama.cat\/web\/wp-json\/wp\/v2\/categories?post=10997"},{"taxonomy":"post_tag","embeddable":true,"href":"http:\/\/fegrama.cat\/web\/wp-json\/wp\/v2\/tags?post=10997"}],"curies":[{"name":"wp","href":"https:\/\/api.w.org\/{rel}","templated":true}]}}