{"id":10995,"date":"2015-04-27T16:19:23","date_gmt":"2015-04-27T15:19:23","guid":{"rendered":"http:\/\/fegrama.cat\/web\/?p=10995"},"modified":"2015-04-27T16:19:23","modified_gmt":"2015-04-27T15:19:23","slug":"el-juvenil-b-va-perdre-al-camp-del-cerdanyola","status":"publish","type":"post","link":"http:\/\/fegrama.cat\/web\/el-juvenil-b-va-perdre-al-camp-del-cerdanyola\/","title":{"rendered":"El Juvenil \u00abB\u00bb va perdre al camp del Cerdanyola"},"content":{"rendered":"<p>Partit molt igualat el que van disputar el Cerdanyola i el juvenil \u00abB\u00bb de la Fundaci\u00f3 Esportiva Grama, fins que una decisi\u00f3 arbitral va acabar amb les possibilitats del conjunt colomenc. L&#8217;expulsi\u00f3 de Nil i un gol de penal en el minut 36 va enviar en orris les bones intencions dels de Santa Coloma. A partir d&#8217;aquest moment l&#8217;equip va perdre totes les opcions i al minut 44, abans d&#8217;arribar al descans, arribaria el segon gol. Un gol psicol\u00f2gic que va posar el 2-0 al marcador.<\/p>\n<p>Ja a la segona part, la Grama, va arriscar m\u00e9s i encara jugant amb un home menys, va aconseguir posar en dificultats als propietaris del terreny de joc, encara que si generar perill en atac i tenint el control del partit, per\u00f2 una altra vegada l&#8217;actuaci\u00f3 del \u00e0rbitre va impedir que poguessin avan\u00e7ar. El col\u00b7legiat de torn, va deixar de sancionar els locals, no expulsar de manera merescuda a dos dels seus jugadors i va mostrar un tint casol\u00e0 excessiu.<\/p>\n<p>El juvenil \u00abB\u00bb de la FEGrama, va mantenir un bon nivell de joc en aquesta segona meitat i faltant cinc minuts per al final, van arribar dos gols m\u00e9s per als del Vall\u00e8s, deixant aquest definitiu 4-0 al marcador.<\/p>\n<p><a href=\"http:\/\/fegrama.cat\/web\/wp-content\/uploads\/2014\/12\/JUVENIL-B-2FUNDACIO-GRAMA-SANTA-COLOMA.jpg\"><img loading=\"lazy\" decoding=\"async\" class=\"aligncenter size-full wp-image-8380\" alt=\"JUVENIL B (2)FUNDACIO GRAMA SANTA COLOMA\" src=\"http:\/\/fegrama.cat\/web\/wp-content\/uploads\/2014\/12\/JUVENIL-B-2FUNDACIO-GRAMA-SANTA-COLOMA.jpg\" width=\"640\" height=\"480\" \/><\/a><\/p>\n<p>Partido muy igualado el que disputaron el Cerdanyola y el juvenil \u00abB\u00bb \u00a0de la Fundaci\u00f3 Esportiva Grama, hasta que una decisi\u00f3n arbitral acab\u00f3 con las posibilidades del conjunto colomense. La expulsi\u00f3n de Nil y un gol de penalti en el minuto 36 mand\u00f3 al traste las buenas intenciones de los de Santa Coloma. A partir de ese momento el equipo perdi\u00f3 todas las opciones y en el minuto 44, antes de llegar al descanso, llegar\u00eda el segundo gol. Un gol psicol\u00f3gico que puso el 2-0 en el marcador.<\/p>\n<p>Ya en la segunda parte, la Grama, arriesg\u00f3 mas y a\u00fan jugando con un hombre menos, logr\u00f3 poner en aprietos a los propietarios del terreno de juego, aunque si generar peligro en ataque y teniendo el control del partido, pero otra vez la actuaci\u00f3n del arbitro \u00a0impidi\u00f3 que pudieran avanzar. El colegiado de turno, dej\u00f3 de sancionar a los locales, no expuls\u00f3 de forma merecida a dos de sus jugadores y mostr\u00f3 un tinte casero excesivo.<\/p>\n<p>El juvenil \u00abB\u00bb de la FEGrama, mantuvo un buen nivel de juego en esta segunda mitad y faltando cinco minutos para el final, llegaron dos goles mas para los del Vall\u00e9s, dejando ese definitivo 4-0 en el tanteador.<\/p>\n","protected":false},"excerpt":{"rendered":"<p>Partit molt igualat el que van disputar el Cerdanyola i el juvenil \u00abB\u00bb de la Fundaci\u00f3 Esportiva Grama, fins que una decisi\u00f3 arbitral va acabar amb les possibilitats del conjunt colomenc. L&#8217;expulsi\u00f3 de Nil i un gol de penal en el minut 36 va enviar en orris les bones intencions dels de Santa Coloma. A [&hellip;]<\/p>\n","protected":false},"author":1,"featured_media":0,"comment_status":"closed","ping_status":"closed","sticky":false,"template":"","format":"standard","meta":{"footnotes":""},"categories":[4,6],"tags":[],"class_list":["post-10995","post","type-post","status-publish","format-standard","hentry","category-base-inclusiu","category-juvenils"],"_links":{"self":[{"href":"http:\/\/fegrama.cat\/web\/wp-json\/wp\/v2\/posts\/10995","targetHints":{"allow":["GET"]}}],"collection":[{"href":"http:\/\/fegrama.cat\/web\/wp-json\/wp\/v2\/posts"}],"about":[{"href":"http:\/\/fegrama.cat\/web\/wp-json\/wp\/v2\/types\/post"}],"author":[{"embeddable":true,"href":"http:\/\/fegrama.cat\/web\/wp-json\/wp\/v2\/users\/1"}],"replies":[{"embeddable":true,"href":"http:\/\/fegrama.cat\/web\/wp-json\/wp\/v2\/comments?post=10995"}],"version-history":[{"count":2,"href":"http:\/\/fegrama.cat\/web\/wp-json\/wp\/v2\/posts\/10995\/revisions"}],"predecessor-version":[{"id":11031,"href":"http:\/\/fegrama.cat\/web\/wp-json\/wp\/v2\/posts\/10995\/revisions\/11031"}],"wp:attachment":[{"href":"http:\/\/fegrama.cat\/web\/wp-json\/wp\/v2\/media?parent=10995"}],"wp:term":[{"taxonomy":"category","embeddable":true,"href":"http:\/\/fegrama.cat\/web\/wp-json\/wp\/v2\/categories?post=10995"},{"taxonomy":"post_tag","embeddable":true,"href":"http:\/\/fegrama.cat\/web\/wp-json\/wp\/v2\/tags?post=10995"}],"curies":[{"name":"wp","href":"https:\/\/api.w.org\/{rel}","templated":true}]}}