{"id":10992,"date":"2015-04-27T10:13:40","date_gmt":"2015-04-27T09:13:40","guid":{"rendered":"http:\/\/fegrama.cat\/web\/?p=10992"},"modified":"2015-04-27T10:13:40","modified_gmt":"2015-04-27T09:13:40","slug":"victoria-de-lalevi-d-per-mantenir-se-segon","status":"publish","type":"post","link":"http:\/\/fegrama.cat\/web\/victoria-de-lalevi-d-per-mantenir-se-segon\/","title":{"rendered":"Vict\u00f2ria de l&#8217;Alev\u00ed \u00abD\u00bb per mantenir-se segon"},"content":{"rendered":"<p>Nova jornada amb vict\u00f2ries de F.E.Grama i Pujadas, a falta de cinc jornades segueixen els colomencs segons amb un punt d&#8217;avantatge. Aquest cap de setmana els nostres jugadors van guanyar 0-4 a la Penya Barcelonista Villaverde-Penitents \u00abB\u00bb, equip de la part baixa de la taula.<\/p>\n<p>Al Municipal Vall d&#8217;Hebron semblava que seria un partit f\u00e0cil per a la Grama per\u00f2 la falta d&#8217;intensitat i que l&#8217;equip local es va armar i va comen\u00e7ar a tenir ocasions, dos pals i una gran aturada de Pere Pardo van salvar a l&#8217;equip visitant. I quan millor estava la Penya va arribar el gol de la Fundaci\u00f3; Adri\u00e1n Guti\u00e9rrez avan\u00e7ava a l&#8217;equip.<\/p>\n<p>Aquest gol va fer mal al rival, i a partir d&#8217;aquest moment els colomencs es van fer amos del partit marxant al descans amb 0-3 gr\u00e0cies a un doblet de Guillem Morales. I acabant el partit amb 0-4 amb gol d&#8217;Adri\u00e1n Guti\u00e9rrez; un resultat que es va fer curt per les clares oportunitats fallades de l&#8217;equip.<\/p>\n<p><a href=\"http:\/\/fegrama.cat\/web\/wp-content\/uploads\/2015\/04\/alevD270415.jpg\"><img loading=\"lazy\" decoding=\"async\" class=\"aligncenter size-full wp-image-10993\" alt=\"alevD270415\" src=\"http:\/\/fegrama.cat\/web\/wp-content\/uploads\/2015\/04\/alevD270415.jpg\" width=\"761\" height=\"431\" \/><\/a><\/p>\n<p>Nueva jornada con victorias de F.E.Grama y Pujadas, a falta de cinco jornadas siguen los colomenses segundos con un punto de ventaja. Este fin de semana nuestros jugadores ganaron 0-4 a la Penya Barcelonista Villaverde-Penitents \u00abB\u00bb, equipo de la parte baja de la tabla.<\/p>\n<p>En el Municipal Valle Hebr\u00f3n parec\u00eda que ser\u00eda un partido f\u00e1cil para la Grama pero la falta de intensidad y que el equipo local se armo y empez\u00f3 a tener ocasiones, dos palos\u00a0 y un parad\u00f3n de Pere Pardo salvaron al equipo visitante. Y cuando mejor estaba la Penya lleg\u00f3 el gol de la Fundaci\u00f3;\u00a0Adri\u00e1n Guti\u00e9rrez adelantaba al equipo.<\/p>\n<p>Ese gol hizo da\u00f1o al rival, y a partir de ese momento los colomenses se hicieron due\u00f1o del partido marchando al descanso con 0-3 gracias a un doblete de Guillem Morales. Y terminando el partido con 0-4 con gol de\u00a0Adri\u00e1n Guti\u00e9rrez; un resultado que se hizo corto por las claras oportunidades falladas del equipo.<\/p>\n","protected":false},"excerpt":{"rendered":"<p>Nova jornada amb vict\u00f2ries de F.E.Grama i Pujadas, a falta de cinc jornades segueixen els colomencs segons amb un punt d&#8217;avantatge. Aquest cap de setmana els nostres jugadors van guanyar 0-4 a la Penya Barcelonista Villaverde-Penitents \u00abB\u00bb, equip de la part baixa de la taula. Al Municipal Vall d&#8217;Hebron semblava que seria un partit f\u00e0cil [&hellip;]<\/p>\n","protected":false},"author":1,"featured_media":0,"comment_status":"closed","ping_status":"closed","sticky":false,"template":"","format":"standard","meta":{"footnotes":""},"categories":[10,4],"tags":[],"class_list":["post-10992","post","type-post","status-publish","format-standard","hentry","category-alevins","category-base-inclusiu"],"_links":{"self":[{"href":"http:\/\/fegrama.cat\/web\/wp-json\/wp\/v2\/posts\/10992","targetHints":{"allow":["GET"]}}],"collection":[{"href":"http:\/\/fegrama.cat\/web\/wp-json\/wp\/v2\/posts"}],"about":[{"href":"http:\/\/fegrama.cat\/web\/wp-json\/wp\/v2\/types\/post"}],"author":[{"embeddable":true,"href":"http:\/\/fegrama.cat\/web\/wp-json\/wp\/v2\/users\/1"}],"replies":[{"embeddable":true,"href":"http:\/\/fegrama.cat\/web\/wp-json\/wp\/v2\/comments?post=10992"}],"version-history":[{"count":1,"href":"http:\/\/fegrama.cat\/web\/wp-json\/wp\/v2\/posts\/10992\/revisions"}],"predecessor-version":[{"id":10994,"href":"http:\/\/fegrama.cat\/web\/wp-json\/wp\/v2\/posts\/10992\/revisions\/10994"}],"wp:attachment":[{"href":"http:\/\/fegrama.cat\/web\/wp-json\/wp\/v2\/media?parent=10992"}],"wp:term":[{"taxonomy":"category","embeddable":true,"href":"http:\/\/fegrama.cat\/web\/wp-json\/wp\/v2\/categories?post=10992"},{"taxonomy":"post_tag","embeddable":true,"href":"http:\/\/fegrama.cat\/web\/wp-json\/wp\/v2\/tags?post=10992"}],"curies":[{"name":"wp","href":"https:\/\/api.w.org\/{rel}","templated":true}]}}