{"id":10989,"date":"2015-04-27T10:01:25","date_gmt":"2015-04-27T09:01:25","guid":{"rendered":"http:\/\/fegrama.cat\/web\/?p=10989"},"modified":"2015-04-27T10:01:25","modified_gmt":"2015-04-27T09:01:25","slug":"lalevi-e-goleja-i-segueix-a-un-punt-del-lider","status":"publish","type":"post","link":"http:\/\/fegrama.cat\/web\/lalevi-e-goleja-i-segueix-a-un-punt-del-lider\/","title":{"rendered":"L&#8217;Alev\u00ed \u00abE\u00bb goleja i segueix a un punt del l\u00edder"},"content":{"rendered":"<p>Nova vict\u00f2ria de l&#8217;Alev\u00ed \u00abE\u00bb, tota una golejada en un partit que no van dominar fins a la mitja part. El CE La Salle Bonanova \u00abD\u00bb, cuer de la lliga, va plantejar un partit molt seri\u00f3s per\u00f2 acabaria perdent per un ampli 4-10.<\/p>\n<p>Al minut 2 de partit els locals ja guanyaven 2-0, Javier Estevez retallaria dist\u00e0ncies per\u00f2 al final del primer quart la Grama marxava perdent 3-1 despr\u00e9s d&#8217;encaixar tres gols a pilota parada. A poc a poc els colomencs van comen\u00e7ar a carburar i fer-se amb el domini del partit; al descans marx\u00e0vem amb 3-3 gr\u00e0cies als gols de Rub\u00e9n L\u00f3pez i Eric M\u00e1rquez.<\/p>\n<p>Despr\u00e9s del pas per vestuaris l&#8217;Alev\u00ed \u00abE\u00bb es va convertir en una piconadora posant un parcial de 7-1 a favor en els dos \u00faltims quarts del partit. Rub\u00e9n L\u00f3pez als dos minuts de la represa donava la volta al partit i despr\u00e9s d&#8217;ell caurien m\u00e9s gols: un &#8216;hat-trick&#8217; d&#8217;Adam Navas, dos gols m\u00e9s per a Javier Estevez i un per Marc Caldero.<\/p>\n<p><a href=\"http:\/\/fegrama.cat\/web\/wp-content\/uploads\/2015\/04\/alevE270415.jpg\"><img loading=\"lazy\" decoding=\"async\" class=\"aligncenter size-full wp-image-10990\" alt=\"alevE270415\" src=\"http:\/\/fegrama.cat\/web\/wp-content\/uploads\/2015\/04\/alevE270415.jpg\" width=\"762\" height=\"380\" \/><\/a><\/p>\n<p>Nueva victoria del Alev\u00edn \u00abE\u00bb, toda una goleada en un partido que no dominaron hasta la media parte. El CE La Salle Bonanova \u00abD\u00bb, colista de la liga, plante\u00f3 un partido muy serio pero acabar\u00eda perdiendo por un ampl\u00edo 4-10.<\/p>\n<p>En el minuto 2 de partido los locales ya ganaban 2-0, Javier Estevez recortar\u00eda distancias pero al final del primer cuarto la Grama se marchaba perdiendo 3-1 tras encajar tres goles a bal\u00f3n parado. Poco a poco los colomenses empezaron a carburar y hacerse con el dominio del partido; al descanso march\u00e1bamos con 3-3 gracias a los goles de Rub\u00e9n L\u00f3pez y Eric M\u00e1rquez.<\/p>\n<p>Tras el paso por vestuarios el Alev\u00edn \u00abE\u00bb se convirti\u00f3 en una apisonadora poniendo un parcial de 7-1 a favor en los dos \u00faltimos cuartos del partido. Rub\u00e9n L\u00f3pez a los dos minutos de la reanudaci\u00f3n daba la vuelta al partido y tras \u00e9l caer\u00edan m\u00e1s goles: un &#8216;hat-trick&#8217; de Adam Navas, dos goles m\u00e1s para Javier Estevez y uno para Marc Caldero.<\/p>\n","protected":false},"excerpt":{"rendered":"<p>Nova vict\u00f2ria de l&#8217;Alev\u00ed \u00abE\u00bb, tota una golejada en un partit que no van dominar fins a la mitja part. El CE La Salle Bonanova \u00abD\u00bb, cuer de la lliga, va plantejar un partit molt seri\u00f3s per\u00f2 acabaria perdent per un ampli 4-10. Al minut 2 de partit els locals ja guanyaven 2-0, Javier Estevez [&hellip;]<\/p>\n","protected":false},"author":1,"featured_media":0,"comment_status":"closed","ping_status":"closed","sticky":false,"template":"","format":"standard","meta":{"footnotes":""},"categories":[10,4],"tags":[],"class_list":["post-10989","post","type-post","status-publish","format-standard","hentry","category-alevins","category-base-inclusiu"],"_links":{"self":[{"href":"http:\/\/fegrama.cat\/web\/wp-json\/wp\/v2\/posts\/10989","targetHints":{"allow":["GET"]}}],"collection":[{"href":"http:\/\/fegrama.cat\/web\/wp-json\/wp\/v2\/posts"}],"about":[{"href":"http:\/\/fegrama.cat\/web\/wp-json\/wp\/v2\/types\/post"}],"author":[{"embeddable":true,"href":"http:\/\/fegrama.cat\/web\/wp-json\/wp\/v2\/users\/1"}],"replies":[{"embeddable":true,"href":"http:\/\/fegrama.cat\/web\/wp-json\/wp\/v2\/comments?post=10989"}],"version-history":[{"count":1,"href":"http:\/\/fegrama.cat\/web\/wp-json\/wp\/v2\/posts\/10989\/revisions"}],"predecessor-version":[{"id":10991,"href":"http:\/\/fegrama.cat\/web\/wp-json\/wp\/v2\/posts\/10989\/revisions\/10991"}],"wp:attachment":[{"href":"http:\/\/fegrama.cat\/web\/wp-json\/wp\/v2\/media?parent=10989"}],"wp:term":[{"taxonomy":"category","embeddable":true,"href":"http:\/\/fegrama.cat\/web\/wp-json\/wp\/v2\/categories?post=10989"},{"taxonomy":"post_tag","embeddable":true,"href":"http:\/\/fegrama.cat\/web\/wp-json\/wp\/v2\/tags?post=10989"}],"curies":[{"name":"wp","href":"https:\/\/api.w.org\/{rel}","templated":true}]}}