{"id":10987,"date":"2015-04-27T09:44:27","date_gmt":"2015-04-27T08:44:27","guid":{"rendered":"http:\/\/fegrama.cat\/web\/?p=10987"},"modified":"2015-04-27T09:44:27","modified_gmt":"2015-04-27T08:44:27","slug":"lalevi-f-va-empatar-al-camp-del-poble-sec","status":"publish","type":"post","link":"http:\/\/fegrama.cat\/web\/lalevi-f-va-empatar-al-camp-del-poble-sec\/","title":{"rendered":"L&#8217;Alev\u00ed \u00abF\u00bb va empatar al camp del Poble Sec"},"content":{"rendered":"<p>Un empat davant l&#8217;antepen\u00faltim classificat sempre sap a poc per\u00f2 hem de recordar que el rival d&#8217;aquesta jornada est\u00e0 en bona din\u00e0mica i ja acumula quatre jornades seguides sense perdre. El nostre Alev\u00ed \u00abF\u00bb va empatar a cinc gols davant el Poble Sec Associaci\u00f3 Futbol.<\/p>\n<p>Al Municipal La Satalia molt aviat s&#8217;avan\u00e7aria la Grama, als quatre minuts Sergio Callejas posava el 0-1. Els locals es van refer al gol matiner i al minut 13 donaven la volta al marcador; el 2-1 duraria sis minuts fins que H\u00e8ctor Garc\u00eda empatava.<\/p>\n<p>A vestuaris marxar\u00edem amb un volumin\u00f3s resultat de 5-2 per al Poble Sec. Per fortuna els nois de la Fundaci\u00f3 van espavilar i van tornar a donar canya per arribar a l&#8217;\u00faltim quart amb moltes opcions despr\u00e9s de posar un 5-4 gr\u00e0cies a dos gols de Sergio Callejas. Antonio Amaya a falta d&#8217;un minut per al final marcava el definitiu 5-5, ja no hi havia temps per poder aconseguir la remuntada.<\/p>\n<p><a href=\"http:\/\/fegrama.cat\/web\/wp-content\/uploads\/2014\/12\/ALEV\u00cd-FFUNDACIO-GRAMA-SANTA-COLOMA.jpg\"><img loading=\"lazy\" decoding=\"async\" class=\"aligncenter size-full wp-image-8422\" alt=\"ALEV\u00cd FFUNDACIO GRAMA SANTA COLOMA\" src=\"http:\/\/fegrama.cat\/web\/wp-content\/uploads\/2014\/12\/ALEV\u00cd-FFUNDACIO-GRAMA-SANTA-COLOMA.jpg\" width=\"640\" height=\"480\" srcset=\"http:\/\/fegrama.cat\/web\/wp-content\/uploads\/2014\/12\/ALEV\u00cd-FFUNDACIO-GRAMA-SANTA-COLOMA.jpg 640w, http:\/\/fegrama.cat\/web\/wp-content\/uploads\/2014\/12\/ALEV\u00cd-FFUNDACIO-GRAMA-SANTA-COLOMA-300x225.jpg 300w\" sizes=\"auto, (max-width: 640px) 100vw, 640px\" \/><\/a><\/p>\n<p>Un empate ante el antepen\u00faltimo clasificado siempre sabe a poco pero tenemos que recordar que el rival de esta jornada esta en buena din\u00e1mica y ya acumula cuatro jornadas seguidas sin perder. Nuestro Alev\u00edn \u00abF\u00bb empat\u00f3 a cinco goles ante el Poble Sec Associaci\u00f3 Futbol.<\/p>\n<p>En el Municipal La Satalia muy pronto se adelantar\u00eda la Grama, a los cuatro minutos Sergio Callejas pon\u00eda el 0-1. Los locales se rehicieron al gol tempranero y en el minuto 13 daban la vuelta al marcador; el 2-1 durar\u00eda seis minutos hasta que H\u00e9ctor Garc\u00eda empataba.<\/p>\n<p>A vestuarios nos marchar\u00edamos con un abultado resultado de 5-2 para Poble Sec. Por fortuna los chicos de la Fundaci\u00f3 espabilaron y volvieron a dar ca\u00f1a para llegar al \u00faltimo cuarto con muchas opciones tras poner u 5-4 gracias a dos goles de Sergio Callejas. Antonio Amaya a falta de un minuto para el final marcaba el definitivo 5-5, ya no\u00a0hab\u00eda tiempo para poder lograr la remontada.<\/p>\n","protected":false},"excerpt":{"rendered":"<p>Un empat davant l&#8217;antepen\u00faltim classificat sempre sap a poc per\u00f2 hem de recordar que el rival d&#8217;aquesta jornada est\u00e0 en bona din\u00e0mica i ja acumula quatre jornades seguides sense perdre. El nostre Alev\u00ed \u00abF\u00bb va empatar a cinc gols davant el Poble Sec Associaci\u00f3 Futbol. Al Municipal La Satalia molt aviat s&#8217;avan\u00e7aria la Grama, als [&hellip;]<\/p>\n","protected":false},"author":1,"featured_media":0,"comment_status":"closed","ping_status":"closed","sticky":false,"template":"","format":"standard","meta":{"footnotes":""},"categories":[10,4],"tags":[],"class_list":["post-10987","post","type-post","status-publish","format-standard","hentry","category-alevins","category-base-inclusiu"],"_links":{"self":[{"href":"http:\/\/fegrama.cat\/web\/wp-json\/wp\/v2\/posts\/10987","targetHints":{"allow":["GET"]}}],"collection":[{"href":"http:\/\/fegrama.cat\/web\/wp-json\/wp\/v2\/posts"}],"about":[{"href":"http:\/\/fegrama.cat\/web\/wp-json\/wp\/v2\/types\/post"}],"author":[{"embeddable":true,"href":"http:\/\/fegrama.cat\/web\/wp-json\/wp\/v2\/users\/1"}],"replies":[{"embeddable":true,"href":"http:\/\/fegrama.cat\/web\/wp-json\/wp\/v2\/comments?post=10987"}],"version-history":[{"count":1,"href":"http:\/\/fegrama.cat\/web\/wp-json\/wp\/v2\/posts\/10987\/revisions"}],"predecessor-version":[{"id":10988,"href":"http:\/\/fegrama.cat\/web\/wp-json\/wp\/v2\/posts\/10987\/revisions\/10988"}],"wp:attachment":[{"href":"http:\/\/fegrama.cat\/web\/wp-json\/wp\/v2\/media?parent=10987"}],"wp:term":[{"taxonomy":"category","embeddable":true,"href":"http:\/\/fegrama.cat\/web\/wp-json\/wp\/v2\/categories?post=10987"},{"taxonomy":"post_tag","embeddable":true,"href":"http:\/\/fegrama.cat\/web\/wp-json\/wp\/v2\/tags?post=10987"}],"curies":[{"name":"wp","href":"https:\/\/api.w.org\/{rel}","templated":true}]}}