{"id":10704,"date":"2015-04-13T10:09:59","date_gmt":"2015-04-13T09:09:59","guid":{"rendered":"http:\/\/fegrama.cat\/web\/?p=10704"},"modified":"2015-04-13T14:03:45","modified_gmt":"2015-04-13T13:03:45","slug":"linfantil-alevi-va-perdre-un-partit-amistos","status":"publish","type":"post","link":"http:\/\/fegrama.cat\/web\/linfantil-alevi-va-perdre-un-partit-amistos\/","title":{"rendered":"L&#8217;Infantil-Alev\u00ed va perdre un partit amist\u00f3s"},"content":{"rendered":"<p>L&#8217;Infantil-Alev\u00ed Femen\u00ed li va tocar descansar en lliga, i despr\u00e9s de la jornada de lliga jugada les noies segueixen en la setena posici\u00f3 a dos punts del sis\u00e8 i a sis punts del cinqu\u00e8.<\/p>\n<p>L&#8217;equip de Joshua Dom\u00ednguez va aprofitar per jugar un partit amist\u00f3s davant el CE Sabadell \u00abC\u00bb. Un &#8216;match&#8217; que va ser molt desigualat des del primer minut; el conjunt colomenc no va tenir en cap moment intensitat jugant. El rival va ser molt superior en un amist\u00f3s jugat al Municipal Can Puig Gener.<\/p>\n<p>Ara ja \u00e9s moment de preparar el derbi colomenc davant el CD Arrabal-Gramenet.<\/p>\n<p><a href=\"http:\/\/fegrama.cat\/web\/wp-content\/uploads\/2014\/12\/INFANTIL-ALEV\u00cdFUNDACIO-GRAMA-SANTA-COLOMA.jpg\"><img loading=\"lazy\" decoding=\"async\" class=\"aligncenter size-full wp-image-8415\" alt=\"INFANTIL-ALEV\u00cdFUNDACIO GRAMA SANTA COLOMA\" src=\"http:\/\/fegrama.cat\/web\/wp-content\/uploads\/2014\/12\/INFANTIL-ALEV\u00cdFUNDACIO-GRAMA-SANTA-COLOMA.jpg\" width=\"640\" height=\"480\" srcset=\"http:\/\/fegrama.cat\/web\/wp-content\/uploads\/2014\/12\/INFANTIL-ALEV\u00cdFUNDACIO-GRAMA-SANTA-COLOMA.jpg 640w, http:\/\/fegrama.cat\/web\/wp-content\/uploads\/2014\/12\/INFANTIL-ALEV\u00cdFUNDACIO-GRAMA-SANTA-COLOMA-300x225.jpg 300w\" sizes=\"auto, (max-width: 640px) 100vw, 640px\" \/><\/a><\/p>\n<p>El Infantil-Alev\u00edn Femenina le toc\u00f3 descansar en liga, y tras la jornada de liga jugada las chicas siguen en la s\u00e9ptima posici\u00f3n a dos puntos del sexto y a seis puntos del quinto.<\/p>\n<p>El equipo de Joshua Dom\u00ednguez aprovech\u00f3 para jugar un partido amistoso ante el CE Sabadell \u00abC\u00bb. Un encuentro que fue\u00a0muy desigualado desde el primer minuto; el conjunto colomense no tuvo en ning\u00fan momento intensidad ninguna jugando. El rival fue muy superior en un amistoso jugado en el Municipal Can Puig Gener.<\/p>\n<p>Ahora ya es momento de preparar el derbi colomense ante el CD Arrabal-Gramenet.<\/p>\n","protected":false},"excerpt":{"rendered":"<p>L&#8217;Infantil-Alev\u00ed Femen\u00ed li va tocar descansar en lliga, i despr\u00e9s de la jornada de lliga jugada les noies segueixen en la setena posici\u00f3 a dos punts del sis\u00e8 i a sis punts del cinqu\u00e8. L&#8217;equip de Joshua Dom\u00ednguez va aprofitar per jugar un partit amist\u00f3s davant el CE Sabadell \u00abC\u00bb. Un &#8216;match&#8217; que va ser [&hellip;]<\/p>\n","protected":false},"author":1,"featured_media":0,"comment_status":"closed","ping_status":"closed","sticky":false,"template":"","format":"standard","meta":{"footnotes":""},"categories":[4,13],"tags":[],"class_list":["post-10704","post","type-post","status-publish","format-standard","hentry","category-base-inclusiu","category-femeni"],"_links":{"self":[{"href":"http:\/\/fegrama.cat\/web\/wp-json\/wp\/v2\/posts\/10704","targetHints":{"allow":["GET"]}}],"collection":[{"href":"http:\/\/fegrama.cat\/web\/wp-json\/wp\/v2\/posts"}],"about":[{"href":"http:\/\/fegrama.cat\/web\/wp-json\/wp\/v2\/types\/post"}],"author":[{"embeddable":true,"href":"http:\/\/fegrama.cat\/web\/wp-json\/wp\/v2\/users\/1"}],"replies":[{"embeddable":true,"href":"http:\/\/fegrama.cat\/web\/wp-json\/wp\/v2\/comments?post=10704"}],"version-history":[{"count":1,"href":"http:\/\/fegrama.cat\/web\/wp-json\/wp\/v2\/posts\/10704\/revisions"}],"predecessor-version":[{"id":10705,"href":"http:\/\/fegrama.cat\/web\/wp-json\/wp\/v2\/posts\/10704\/revisions\/10705"}],"wp:attachment":[{"href":"http:\/\/fegrama.cat\/web\/wp-json\/wp\/v2\/media?parent=10704"}],"wp:term":[{"taxonomy":"category","embeddable":true,"href":"http:\/\/fegrama.cat\/web\/wp-json\/wp\/v2\/categories?post=10704"},{"taxonomy":"post_tag","embeddable":true,"href":"http:\/\/fegrama.cat\/web\/wp-json\/wp\/v2\/tags?post=10704"}],"curies":[{"name":"wp","href":"https:\/\/api.w.org\/{rel}","templated":true}]}}