{"id":10683,"date":"2015-04-13T11:05:38","date_gmt":"2015-04-13T10:05:38","guid":{"rendered":"http:\/\/fegrama.cat\/web\/?p=10683"},"modified":"2015-04-13T11:05:38","modified_gmt":"2015-04-13T10:05:38","slug":"linfantil-a-va-perdre-a-casa","status":"publish","type":"post","link":"http:\/\/fegrama.cat\/web\/linfantil-a-va-perdre-a-casa\/","title":{"rendered":"L&#8217;Infantil \u00abA\u00bb va perdre a casa"},"content":{"rendered":"<p>Matinal assolellada de futbol al Nou Municipal de Santa Coloma. L&#8217;Infantil \u00abA\u00bb afrontava una altra final de cara a aconseguir l&#8217;objectiu prioritari de la temporada, mantenir la categoria Preferent. Aquesta vegada no va poder ser, va ser derrotat 1-3 pel Junior de Sant Cugat.<\/p>\n<p>I no \u00e9s que fos un resultat totalment merescut. Si b\u00e9 \u00e9s cert que el Junior \u00e9s un molt bon equip, tal com demostra la seva classificaci\u00f3 i el joc desplegat, els de Santa Coloma van tenir les seves opcions de poder puntuar i fins i tot guanyar el partit. Dues accions a pilota parada, que es van convertir en gols per als de Sant Cugat van ser un llast massa pesat.<\/p>\n<p>Omar Muso va aconseguir empatar el partit per\u00f2 finalment el seu gol no va servir de res.\u00a0El domini de joc altern va fer que es vei\u00e9s un partit entretingut per a l&#8217;espectador per\u00f2 els de casa no van saber aprofitar en benefici seu. Va faltar verticalitat, profunditat i enganxada.<\/p>\n<p><strong>Rub\u00e9n Blanco<\/strong>, m\u00edster local, ens va deixar un petit esb\u00f3s de l&#8217;\u00e0nim de l&#8217;equip: <em>\u00abEstem decebuts amb nosaltres mateixos. Ha estat un partit en el qual hav\u00edem d&#8217;haver estat m\u00e9s agressius de cara a la porteria rival i en el qual pod\u00edem haver aconseguit algun punt .\u00bb<\/em><\/p>\n<p><a href=\"http:\/\/fegrama.cat\/web\/wp-content\/uploads\/2015\/04\/infA130415.jpg\"><img loading=\"lazy\" decoding=\"async\" class=\"aligncenter size-full wp-image-10685\" alt=\"infA130415\" src=\"http:\/\/fegrama.cat\/web\/wp-content\/uploads\/2015\/04\/infA130415.jpg\" width=\"965\" height=\"638\" \/><\/a><\/p>\n<p>Matinal soleada de f\u00fatbol en el Nou Municipal de Santa Coloma. El Infantil \u00abA\u00bb afrontaba otra final de cara a conseguir el objetivo prioritario de la temporada, mantener la categor\u00eda Preferente. Esta vez no puedo ser, fue derrotado 1-3 por el Junior de Sant Cugat.<\/p>\n<div>Y no es que fuese un resultado totalmente merecido. Si bien es cierto que el Junior es un muy buen equipo, tal y como demuestra su clasificaci\u00f3n y el juego desplegado, los de Santa Coloma tuvieron sus opciones de poder puntuar e incluso ganar el partido. Dos acciones a bal\u00f3n parado, que se conviertieron en goles para los de Sant Cugat fueron un lastre demasiado pesado.<\/div>\n<div><\/div>\n<div>Omar Muso consigui\u00f3 empatar el partido pero finalmente su gol no sirvi\u00f3 de nada.\u00a0El dominio de juego alterno hizo que se viera un partido entretenido para el espectador pero los de casa no supieron aprovecharlo en su beneficio. Falt\u00f3 verticalidad, profundidad y pegada.<\/div>\n<div><\/div>\n<div><strong>Rub\u00e9n Blanco<\/strong>, m\u00edster local, nos dej\u00f3 un peque\u00f1o esbozo del \u00e1nimo del equipo: <em>\u00abEstamos decepcionados con nosotros mismos. Ha sido un partido en el que deb\u00edamos haber sido m\u00e1s agresivos de cara a la meta rival y en el que pod\u00edamos haber conseguido alg\u00fan punto.\u00bb<\/em><\/div>\n","protected":false},"excerpt":{"rendered":"<p>Matinal assolellada de futbol al Nou Municipal de Santa Coloma. L&#8217;Infantil \u00abA\u00bb afrontava una altra final de cara a aconseguir l&#8217;objectiu prioritari de la temporada, mantenir la categoria Preferent. Aquesta vegada no va poder ser, va ser derrotat 1-3 pel Junior de Sant Cugat. I no \u00e9s que fos un resultat totalment merescut. Si b\u00e9 [&hellip;]<\/p>\n","protected":false},"author":1,"featured_media":7118,"comment_status":"closed","ping_status":"closed","sticky":false,"template":"","format":"standard","meta":{"footnotes":""},"categories":[4,9],"tags":[],"class_list":["post-10683","post","type-post","status-publish","format-standard","has-post-thumbnail","hentry","category-base-inclusiu","category-infantils"],"_links":{"self":[{"href":"http:\/\/fegrama.cat\/web\/wp-json\/wp\/v2\/posts\/10683","targetHints":{"allow":["GET"]}}],"collection":[{"href":"http:\/\/fegrama.cat\/web\/wp-json\/wp\/v2\/posts"}],"about":[{"href":"http:\/\/fegrama.cat\/web\/wp-json\/wp\/v2\/types\/post"}],"author":[{"embeddable":true,"href":"http:\/\/fegrama.cat\/web\/wp-json\/wp\/v2\/users\/1"}],"replies":[{"embeddable":true,"href":"http:\/\/fegrama.cat\/web\/wp-json\/wp\/v2\/comments?post=10683"}],"version-history":[{"count":1,"href":"http:\/\/fegrama.cat\/web\/wp-json\/wp\/v2\/posts\/10683\/revisions"}],"predecessor-version":[{"id":10686,"href":"http:\/\/fegrama.cat\/web\/wp-json\/wp\/v2\/posts\/10683\/revisions\/10686"}],"wp:featuredmedia":[{"embeddable":true,"href":"http:\/\/fegrama.cat\/web\/wp-json\/wp\/v2\/media\/7118"}],"wp:attachment":[{"href":"http:\/\/fegrama.cat\/web\/wp-json\/wp\/v2\/media?parent=10683"}],"wp:term":[{"taxonomy":"category","embeddable":true,"href":"http:\/\/fegrama.cat\/web\/wp-json\/wp\/v2\/categories?post=10683"},{"taxonomy":"post_tag","embeddable":true,"href":"http:\/\/fegrama.cat\/web\/wp-json\/wp\/v2\/tags?post=10683"}],"curies":[{"name":"wp","href":"https:\/\/api.w.org\/{rel}","templated":true}]}}