{"id":10679,"date":"2015-04-13T10:57:18","date_gmt":"2015-04-13T09:57:18","guid":{"rendered":"http:\/\/fegrama.cat\/web\/?p=10679"},"modified":"2015-04-13T10:57:18","modified_gmt":"2015-04-13T09:57:18","slug":"linfantil-b-va-perdre-al-nou-municipal","status":"publish","type":"post","link":"http:\/\/fegrama.cat\/web\/linfantil-b-va-perdre-al-nou-municipal\/","title":{"rendered":"L&#8217;Infantil \u00abB\u00bb va perdre al Nou Municipal"},"content":{"rendered":"<p>El resultat obtingut aquest cap de setmana no \u00e9s gens positiu per als interessos del nostre Infantil \u00abB\u00bb que recordem segueix lluitant per la perman\u00e8ncia a Primera Divisi\u00f3. Al Nou Municipal diumenge l&#8217;equip va perdre 1-5 davant un CD Masnou molt superior.<\/p>\n<p>Pau Nebot, porter de la Fundaci\u00f3, salvaria al seu equip en el minut 3 fent una gran aturada; en les dues seg\u00fcents jugades els visitants es van trobar amb un defensa evitant un gol i amb un altre central que sota pals salvava un gol cantat. El Masnou havia sortit al camp molt fort, dominant i creant molt bones ocasions de gol, volien posar-se aviat per davant en el marcador.<\/p>\n<p>Dos trets sense perill de Pablo Tovar i Sergio Serrano van ser les respostes dels locals, el partit semblava igualar-se una mica per\u00f2 seguien els visitants sent els m\u00e9s perillosos sobre el camp. I llavors en el minut 16 arribaria el 0-1; la reacci\u00f3 colomenca arribaria en la seg\u00fcent jugada amb una rematada de cap de Pablo Tovar que es trobava amb una gran aturada del porter visitant.<\/p>\n<p>Abans del descans arribaria el 0-2 aprofitant una fallada defensiva, i fins i tot va arribar el tercer que no pujaria per un clar fora de joc. A la segona m\u00e9s del mateix, el Masnou era amo i senyor del joc, en els primers compassos van aconseguir posar-se 0-4 per sentenciar el xoc. Samuel Valdivia marcaria el gol de l&#8217;honor, i abans del final arribaria el definitiu 1-5.<\/p>\n<p><strong>FOTOS DEL PARTIT:<\/strong>\u00a0<a href=\"https:\/\/plus.google.com\/photos\/113125192083830612262\/albums\/6137159519872808961\" target=\"_blank\">https:\/\/plus.google.com\/photos\/113125192083830612262\/albums\/6137159519872808961<\/a><\/p>\n<p><a href=\"http:\/\/fegrama.cat\/web\/wp-content\/uploads\/2015\/04\/infB130415.jpg\"><img loading=\"lazy\" decoding=\"async\" class=\"aligncenter size-full wp-image-10680\" alt=\"infB130415\" src=\"http:\/\/fegrama.cat\/web\/wp-content\/uploads\/2015\/04\/infB130415.jpg\" width=\"963\" height=\"634\" \/><\/a><\/p>\n<p>El resultado cosechado este fin de semana no es nada positivo para los intereses de nuestro Infantil \u00abB\u00bb que recordemos sigue luchando por la permanencia en Primera Divisi\u00f3n. En el Nou Municipal el domingo el equipo perdi\u00f3 1-5 ante un CD Masnou muy superior.<\/p>\n<p>Pau Nebot, portero de la Fundaci\u00f3, salvar\u00eda a su equipo en el minuto 3 haciendo un parad\u00f3n; en las dos siguientes jugadas los visitantes se encontraron con un defensa evitando un gol y con otro central que bajo palos salvaba un gol cantado. El Masnou hab\u00eda salido al campo muy fuerte, dominando y creando muy buenas ocasiones de gol, quer\u00edan ponerse pronto por delante en el marcador.<\/p>\n<p>Dos disparos sin peligro de Pablo Tovar y Sergio Serrano fueron las respuestas de los locales, el partido parec\u00eda igualarse un poquito pero segu\u00edan los visitantes siendo los m\u00e1s peligrosos sobre el campo. Y entonces en el minuto 16 llegar\u00eda el 0-1; la reacci\u00f3n colomense llegar\u00eda en la siguiente jugada con un remate de cabeza de Pablo Tovar que se encontraba con un parad\u00f3n del portero visitante.<\/p>\n<p>Antes del descanso llegar\u00eda el 0-2 aprovechando un fallo defensivo, e incluso lleg\u00f3 el tercero que no subir\u00eda por un claro fuera de juego. En la segunda m\u00e1s de lo mismo, el Masnou era due\u00f1o y se\u00f1or del juego, en los primeros compases consiguieron ponerse 0-4 para sentenciar el choque. Samuel Valdivia marcar\u00eda el gol del honor, y antes del final llegar\u00eda el definitivo 1-5.<\/p>\n","protected":false},"excerpt":{"rendered":"<p>El resultat obtingut aquest cap de setmana no \u00e9s gens positiu per als interessos del nostre Infantil \u00abB\u00bb que recordem segueix lluitant per la perman\u00e8ncia a Primera Divisi\u00f3. Al Nou Municipal diumenge l&#8217;equip va perdre 1-5 davant un CD Masnou molt superior. Pau Nebot, porter de la Fundaci\u00f3, salvaria al seu equip en el minut [&hellip;]<\/p>\n","protected":false},"author":1,"featured_media":0,"comment_status":"closed","ping_status":"closed","sticky":false,"template":"","format":"standard","meta":{"footnotes":""},"categories":[4,9],"tags":[],"class_list":["post-10679","post","type-post","status-publish","format-standard","hentry","category-base-inclusiu","category-infantils"],"_links":{"self":[{"href":"http:\/\/fegrama.cat\/web\/wp-json\/wp\/v2\/posts\/10679","targetHints":{"allow":["GET"]}}],"collection":[{"href":"http:\/\/fegrama.cat\/web\/wp-json\/wp\/v2\/posts"}],"about":[{"href":"http:\/\/fegrama.cat\/web\/wp-json\/wp\/v2\/types\/post"}],"author":[{"embeddable":true,"href":"http:\/\/fegrama.cat\/web\/wp-json\/wp\/v2\/users\/1"}],"replies":[{"embeddable":true,"href":"http:\/\/fegrama.cat\/web\/wp-json\/wp\/v2\/comments?post=10679"}],"version-history":[{"count":1,"href":"http:\/\/fegrama.cat\/web\/wp-json\/wp\/v2\/posts\/10679\/revisions"}],"predecessor-version":[{"id":10684,"href":"http:\/\/fegrama.cat\/web\/wp-json\/wp\/v2\/posts\/10679\/revisions\/10684"}],"wp:attachment":[{"href":"http:\/\/fegrama.cat\/web\/wp-json\/wp\/v2\/media?parent=10679"}],"wp:term":[{"taxonomy":"category","embeddable":true,"href":"http:\/\/fegrama.cat\/web\/wp-json\/wp\/v2\/categories?post=10679"},{"taxonomy":"post_tag","embeddable":true,"href":"http:\/\/fegrama.cat\/web\/wp-json\/wp\/v2\/tags?post=10679"}],"curies":[{"name":"wp","href":"https:\/\/api.w.org\/{rel}","templated":true}]}}