{"id":10676,"date":"2015-04-13T10:28:39","date_gmt":"2015-04-13T09:28:39","guid":{"rendered":"http:\/\/fegrama.cat\/web\/?p=10676"},"modified":"2015-04-13T10:28:39","modified_gmt":"2015-04-13T09:28:39","slug":"linfantil-c-segon-empatat-amb-el-lider","status":"publish","type":"post","link":"http:\/\/fegrama.cat\/web\/linfantil-c-segon-empatat-amb-el-lider\/","title":{"rendered":"L&#8217;Infantil \u00abC\u00bb segon empatat amb el l\u00edder"},"content":{"rendered":"<p>Segueix l&#8217;emocionant lluita per l&#8217;ascens a Primera i pel campionat de Segona (Grup 21); aquesta jornada el nostre Infantil \u00abC\u00bb va golejar 2-9 a La Florida CF, equip de la part baixa de la taula. Despr\u00e9s de la derrota del l\u00edder els colomencs pugen al segon lloc mentre la Stoitchkov es col\u00b7loca nou l\u00edder empatat a punts amb els nostres.<\/p>\n<p>El treball de la setmana a tret els seus fruits, camp petit molt petit el Municipal La Florida de l&#8217;Hospitalet de Llobregat, per\u00f2 els nois obrint el camp el m\u00e0xim possible aconsegueix crear el seu joc per avan\u00e7ar-se al primer minut de joc i posteriorment sentenciar el partit abans del descans.<\/p>\n<p>Jan L\u00f3pez dues vegades, Izan Ferreres i Rub\u00e9n Jim\u00e9nez dues vegades van posar al descans un marcador de 2-5. La Fundaci\u00f3 mostrava un joc r\u00e0pid i sense molts problemes, mostrant una gran actitud i una adaptaci\u00f3 r\u00e0pida a un camp redu\u00eft; i els gols a la segona meitat van tornar a caure: Rub\u00e9n Jim\u00e9nez per completar el seu &#8216;hat-trick&#8217;, Biel Ale, Josep Benet i Israel Vega.<\/p>\n<p><a href=\"http:\/\/fegrama.cat\/web\/wp-content\/uploads\/2015\/04\/infC130415.jpg\"><img loading=\"lazy\" decoding=\"async\" class=\"aligncenter size-full wp-image-10677\" alt=\"infC130415\" src=\"http:\/\/fegrama.cat\/web\/wp-content\/uploads\/2015\/04\/infC130415.jpg\" width=\"966\" height=\"635\" \/><\/a><\/p>\n<p>Sigue la emocionante lucha por el ascenso a Primera y por el campeonato de Segunda (Grupo 21); esta jornada nuestro Infantil \u00abC\u00bb gole\u00f3 2-9 a La Florida CF, equipo de la parte baja de la tabla. Tras la derrota del l\u00edder los colomenses suben al segundo puesto mientras la Stoitchkov se coloca nuevo l\u00edder empatado a puntos con los nuestros.<\/p>\n<p>El trabajo de la semana a sacado sus frutos,campo peque\u00f1o muy peque\u00f1o el Municipal La Florida de L&#8217;Hospitalet de Llobregat,pero los chicos abriendo el campo lo m\u00e1ximo posible consigue crear su juego para adelantarse en el primer minuto de juego y posteriormente sentenciar el partido antes del descanso.<\/p>\n<p>Jan L\u00f3pez dos veces, Izan Ferreres y Rub\u00e9n Jim\u00e9nez dos veces pusieron al descanso un marcador de 2-5. La Fundaci\u00f3 mostraba un juego r\u00e1pido y sin muchos problemas, mostrando una gran actitud y una adaptaci\u00f3n r\u00e1pida a un campo reducido; y los goles en la segunda mitad volvieron a caer: Rub\u00e9n Jim\u00e9nez para completar su &#8216;hat-trick&#8217;, Biel Ale, Josep Benito e Israel Vega.<\/p>\n","protected":false},"excerpt":{"rendered":"<p>Segueix l&#8217;emocionant lluita per l&#8217;ascens a Primera i pel campionat de Segona (Grup 21); aquesta jornada el nostre Infantil \u00abC\u00bb va golejar 2-9 a La Florida CF, equip de la part baixa de la taula. Despr\u00e9s de la derrota del l\u00edder els colomencs pugen al segon lloc mentre la Stoitchkov es col\u00b7loca nou l\u00edder empatat [&hellip;]<\/p>\n","protected":false},"author":1,"featured_media":0,"comment_status":"closed","ping_status":"closed","sticky":false,"template":"","format":"standard","meta":{"footnotes":""},"categories":[4,9],"tags":[],"class_list":["post-10676","post","type-post","status-publish","format-standard","hentry","category-base-inclusiu","category-infantils"],"_links":{"self":[{"href":"http:\/\/fegrama.cat\/web\/wp-json\/wp\/v2\/posts\/10676","targetHints":{"allow":["GET"]}}],"collection":[{"href":"http:\/\/fegrama.cat\/web\/wp-json\/wp\/v2\/posts"}],"about":[{"href":"http:\/\/fegrama.cat\/web\/wp-json\/wp\/v2\/types\/post"}],"author":[{"embeddable":true,"href":"http:\/\/fegrama.cat\/web\/wp-json\/wp\/v2\/users\/1"}],"replies":[{"embeddable":true,"href":"http:\/\/fegrama.cat\/web\/wp-json\/wp\/v2\/comments?post=10676"}],"version-history":[{"count":1,"href":"http:\/\/fegrama.cat\/web\/wp-json\/wp\/v2\/posts\/10676\/revisions"}],"predecessor-version":[{"id":10678,"href":"http:\/\/fegrama.cat\/web\/wp-json\/wp\/v2\/posts\/10676\/revisions\/10678"}],"wp:attachment":[{"href":"http:\/\/fegrama.cat\/web\/wp-json\/wp\/v2\/media?parent=10676"}],"wp:term":[{"taxonomy":"category","embeddable":true,"href":"http:\/\/fegrama.cat\/web\/wp-json\/wp\/v2\/categories?post=10676"},{"taxonomy":"post_tag","embeddable":true,"href":"http:\/\/fegrama.cat\/web\/wp-json\/wp\/v2\/tags?post=10676"}],"curies":[{"name":"wp","href":"https:\/\/api.w.org\/{rel}","templated":true}]}}