{"id":10673,"date":"2015-04-13T10:10:55","date_gmt":"2015-04-13T09:10:55","guid":{"rendered":"http:\/\/fegrama.cat\/web\/?p=10673"},"modified":"2015-04-13T10:10:55","modified_gmt":"2015-04-13T09:10:55","slug":"el-juvenil-cadet-va-jugar-be-pero-va-perdre","status":"publish","type":"post","link":"http:\/\/fegrama.cat\/web\/el-juvenil-cadet-va-jugar-be-pero-va-perdre\/","title":{"rendered":"El Juvenil-Cadet va jugar b\u00e9 per\u00f2 va perdre"},"content":{"rendered":"<p>Al Municipal Les Oliveres el nostre Juvenil-Cadet Femen\u00ed no va poder sumar els primers punts de la temporada al caure per 0-4 davant el FC Martinenc. El resultat no mostra la realitat d&#8217;un partit on les nostres noies han estat a l&#8217;al\u00e7ada del rival i on han demostrat molt bona actitud, esfor\u00e7 i convenciment de que poden guanyar m\u00e9s d&#8217;un partit en el que queda de lliga.<\/p>\n<p>Durant tota la primera part el conjunt colomenc va tenir diverses ocasions bones de marcar per\u00f2 la sort no va estar del seu costat. En canvi, el rival va saber aprofitar l&#8217;\u00fanica ocasi\u00f3 clara que va tenir, posant el marcador en 0-1 a la mitja part. Les nostres jugadores no es van enfonsar i van saltar al camp en el segon temps amb la idea de donar-li la volta al marcador, era q\u00fcesti\u00f3 de sort davant la porteria rival.<\/p>\n<p>Van aguantar el partit perfectament plantant cara a un fort Martinenc que es troba a la meitat de taula, fins i tot podrien haver-li guanyat si la sort hagu\u00e9s estat del nostre costat per\u00f2 desgraciadament el que vam veure va ser que en els \u00faltims minuts les visitants es van posar 0-4. L&#8217;arriscada aposta de posar un 3-3-4 en els 10 \u00faltims minuts va ser un intent de remuntar el marcador per\u00f2 la sort tampoc va estar del nostre costat.<\/p>\n<blockquote><p><strong>Jordi P\u00e9rez:<\/strong> <em>\u00abHa estat un partit on les nostres dones han donat molt bones vibracions, i han demostrat que alguna cosa est\u00e0 canviant en el seu joc i confian\u00e7a que esperem doni r\u00e0pid el seu fruit. Tamb\u00e9 m&#8217;agradaria agrair el suport de pares i jugadores de tots els equips femenins de la Grama que han vingut a donar suport tant a les alevinas com a les cadet-juvenil.\u00bb<\/em><\/p><\/blockquote>\n<p><a href=\"http:\/\/fegrama.cat\/web\/wp-content\/uploads\/2014\/12\/JUVENIL-CADET-FEMEN\u00cdFUNDACIO-GRAMA-SANTA-COLOMA.jpg\"><img loading=\"lazy\" decoding=\"async\" class=\"aligncenter size-full wp-image-8417\" alt=\"JUVENIL-CADET FEMEN\u00cdFUNDACIO GRAMA SANTA COLOMA\" src=\"http:\/\/fegrama.cat\/web\/wp-content\/uploads\/2014\/12\/JUVENIL-CADET-FEMEN\u00cdFUNDACIO-GRAMA-SANTA-COLOMA.jpg\" width=\"640\" height=\"480\" \/><\/a><\/p>\n<p>En el Municipal Les Oliveres nuestro Juvenil-Cadete Femenino no pudo sumar los primeros puntos de la temporada la caer por 0-4 ante el FC Martinenc.\u00a0El resultado no muestra la realidad de un partido donde nuestras chicas han estado a la altura del rival y donde han demostrado muy buena actitud, esfuerzo y convencimiento de que pueden ganar m\u00e1s de un partido en lo que queda de liga.<\/p>\n<p>Durante toda la primera parte el conjunto colomense tuvo varias ocasiones buenas de marcar pero la suerte no estuvo de su lado. En cambio, el rival supo aprovechar la \u00fanica ocasi\u00f3n clara que tuvo, poniendo el marcador en 0-1 a la media parte. Nuestras jugadoras no se vinieron abajo y saltaron al campo en el segundo tiempo con la idea de darle la vuelta al marcador, era cuesti\u00f3n de suerte frente la porter\u00eda rival.<\/p>\n<p>Aguantaron el partido perfectamente plantando cara a un fuerte Martienenc que se encuentra en mitad de tabla, incluso podr\u00edan haberle ganado si la suerte hubiera estado de nuestro lado pero desgraciadamente lo que vimos fuer que en los \u00faltimos minutos las visitantes se pusieron 0-4. La arriesgada apuesta de poner un\u00a03-3-4 en los 10 \u00faltimos minutos fue un intento de remontar el marcador pero la suerte tampoco estuvo de nuestro lado esta vez.<\/p>\n<blockquote><p><strong>Jordi P\u00e9rez:<\/strong> <em>\u00abHa sido un partido donde nuestras f\u00e9minas han dado muy buenas vibraciones, y han demostrado que algo esta cambiando en su juego y confianza que esperemos de r\u00e1pido su fruto.\u00a0Tambi\u00e9n me gustar\u00eda agradecer el apoyo de padres y jugadoras todos los equipos femeninos de la Grama que han venido a apoyar tanto a las alevinas como a las cadete-juvenil.\u00bb<\/em><\/p><\/blockquote>\n","protected":false},"excerpt":{"rendered":"<p>Al Municipal Les Oliveres el nostre Juvenil-Cadet Femen\u00ed no va poder sumar els primers punts de la temporada al caure per 0-4 davant el FC Martinenc. El resultat no mostra la realitat d&#8217;un partit on les nostres noies han estat a l&#8217;al\u00e7ada del rival i on han demostrat molt bona actitud, esfor\u00e7 i convenciment de [&hellip;]<\/p>\n","protected":false},"author":1,"featured_media":10674,"comment_status":"closed","ping_status":"closed","sticky":false,"template":"","format":"standard","meta":{"footnotes":""},"categories":[4,13],"tags":[],"class_list":["post-10673","post","type-post","status-publish","format-standard","has-post-thumbnail","hentry","category-base-inclusiu","category-femeni"],"_links":{"self":[{"href":"http:\/\/fegrama.cat\/web\/wp-json\/wp\/v2\/posts\/10673","targetHints":{"allow":["GET"]}}],"collection":[{"href":"http:\/\/fegrama.cat\/web\/wp-json\/wp\/v2\/posts"}],"about":[{"href":"http:\/\/fegrama.cat\/web\/wp-json\/wp\/v2\/types\/post"}],"author":[{"embeddable":true,"href":"http:\/\/fegrama.cat\/web\/wp-json\/wp\/v2\/users\/1"}],"replies":[{"embeddable":true,"href":"http:\/\/fegrama.cat\/web\/wp-json\/wp\/v2\/comments?post=10673"}],"version-history":[{"count":1,"href":"http:\/\/fegrama.cat\/web\/wp-json\/wp\/v2\/posts\/10673\/revisions"}],"predecessor-version":[{"id":10675,"href":"http:\/\/fegrama.cat\/web\/wp-json\/wp\/v2\/posts\/10673\/revisions\/10675"}],"wp:featuredmedia":[{"embeddable":true,"href":"http:\/\/fegrama.cat\/web\/wp-json\/wp\/v2\/media\/10674"}],"wp:attachment":[{"href":"http:\/\/fegrama.cat\/web\/wp-json\/wp\/v2\/media?parent=10673"}],"wp:term":[{"taxonomy":"category","embeddable":true,"href":"http:\/\/fegrama.cat\/web\/wp-json\/wp\/v2\/categories?post=10673"},{"taxonomy":"post_tag","embeddable":true,"href":"http:\/\/fegrama.cat\/web\/wp-json\/wp\/v2\/tags?post=10673"}],"curies":[{"name":"wp","href":"https:\/\/api.w.org\/{rel}","templated":true}]}}