{"id":10668,"date":"2015-04-13T09:50:50","date_gmt":"2015-04-13T08:50:50","guid":{"rendered":"http:\/\/fegrama.cat\/web\/?p=10668"},"modified":"2015-04-13T09:50:50","modified_gmt":"2015-04-13T08:50:50","slug":"lalevi-benjami-guanya-i-es-posa-lider","status":"publish","type":"post","link":"http:\/\/fegrama.cat\/web\/lalevi-benjami-guanya-i-es-posa-lider\/","title":{"rendered":"L&#8217;Alev\u00ed-Benjam\u00ed guanya i es posa l\u00edder"},"content":{"rendered":"<p>Aquest cap de setmana va comen\u00e7ar una nova experi\u00e8ncia per a les noies de l&#8217;Alev\u00ed-Benjam\u00ed-Prebenjam\u00ed que despr\u00e9s de finalitzar la lliga van comen\u00e7ar a jugar un Torneig Complementari organitzat per la Federaci\u00f3 Catalana de Futbol. En el primer partit del Grup 9 les nostres noies van patir per\u00f2 es van emportar una important vict\u00f2ria per 6-5 davant el CE Sabadell \u00abB\u00bb.<\/p>\n<p>El partit ha estat molt igualat en el resultat per\u00f2 no en el joc. Les nostres noies han demostrat com saben fer circular la pilota, elaborant jugades iniciant el joc des de la portera fins a la davantera. El rival, en veure que no podien sortir jugant amb la pilota per la nostra pressi\u00f3, decideix jugar a llan\u00e7ar pilota llarga aprofitant el fort xut de la portera.<\/p>\n<p>Les noies dirigides per Jordi P\u00e9rez van aconseguir no entrar en aquest joc aeri i seguir jugant la pilota, remuntant en diverses ocasions el marcador en contra fins sentenciar el partit.<\/p>\n<table border=\"0\" cellspacing=\"0\" cellpadding=\"0\" align=\"center\">\n<tbody>\n<tr>\n<td align=\"left\" valign=\"top\" nowrap=\"nowrap\" height=\"15\">\u00a0 \u00a0 \u00a0 \u00a00-1<\/td>\n<td valign=\"top\" height=\"15\">\u00a0GARRICA UCERO, ANDREA (3&#8242;)<\/td>\n<\/tr>\n<tr>\n<td align=\"left\" valign=\"top\" nowrap=\"nowrap\" height=\"15\">\u00a0 \u00a0<a title=\" Gol \">\u00a0<\/a>\u00a0\u00a0 1-1<\/td>\n<td valign=\"top\" height=\"15\">\u00a0ALJARO AMIGO, SARA (21&#8242;)<\/td>\n<\/tr>\n<tr>\n<td align=\"left\" valign=\"top\" nowrap=\"nowrap\" height=\"15\">\u00a0 \u00a0<a title=\" Gol \">\u00a0<\/a>\u00a0\u00a0 1-2<\/td>\n<td valign=\"top\" height=\"15\">\u00a0AMAT PARTERA, AINA (25&#8242;)<\/td>\n<\/tr>\n<tr>\n<td align=\"left\" valign=\"top\" nowrap=\"nowrap\" height=\"15\">\u00a0 \u00a0<a title=\" Gol \">\u00a0<\/a>\u00a0\u00a0 2-2<\/td>\n<td valign=\"top\" height=\"15\">\u00a0MARTINEZ CASADO, ARIADNA (35&#8242;)<\/td>\n<\/tr>\n<tr>\n<td align=\"left\" valign=\"top\" nowrap=\"nowrap\" height=\"15\">\u00a0 \u00a0<a title=\" Gol \">\u00a0<\/a>\u00a0\u00a0 3-2<\/td>\n<td valign=\"top\" height=\"15\">\u00a0PEREZ LLUIS, PATRICIA (37&#8242;)<\/td>\n<\/tr>\n<tr>\n<td align=\"left\" valign=\"top\" nowrap=\"nowrap\" height=\"15\">\u00a0 \u00a0<a title=\" Gol \">\u00a0<\/a>\u00a0\u00a0 3-3<\/td>\n<td valign=\"top\" height=\"15\">\u00a0FERNANDEZ REDON, MIREIA (43&#8242;)<\/td>\n<\/tr>\n<tr>\n<td align=\"left\" valign=\"top\" nowrap=\"nowrap\" height=\"15\">\u00a0 \u00a0<a title=\" Gol \">\u00a0<\/a>\u00a0\u00a0 4-3<\/td>\n<td valign=\"top\" height=\"15\">\u00a0CONDE OLLER, CARLA (44&#8242;)<\/td>\n<\/tr>\n<tr>\n<td align=\"left\" valign=\"top\" nowrap=\"nowrap\" height=\"15\">\u00a0 \u00a0<a title=\" Gol \">\u00a0<\/a>\u00a0\u00a0 5-3<\/td>\n<td valign=\"top\" height=\"15\">\u00a0MARTINEZ RIDAO, MONICA (46&#8242;)<\/td>\n<\/tr>\n<tr>\n<td align=\"left\" valign=\"top\" nowrap=\"nowrap\" height=\"15\">\u00a0 \u00a0<a title=\" Gol \">\u00a0<\/a>\u00a0\u00a0 6-3<\/td>\n<td valign=\"top\" height=\"15\">\u00a0CONDE OLLER, CARLA (52&#8242;)<\/td>\n<\/tr>\n<tr>\n<td align=\"left\" valign=\"top\" nowrap=\"nowrap\" height=\"15\">\u00a0 \u00a0<a title=\" Gol \">\u00a0<\/a>\u00a0\u00a0 6-4<\/td>\n<td valign=\"top\" height=\"15\">\u00a0MONTENEGRO AGUILAR, LYDIA (55&#8242;)<\/td>\n<\/tr>\n<tr>\n<td align=\"left\" valign=\"top\" nowrap=\"nowrap\" height=\"15\">\u00a0 \u00a0<a title=\" Gol \">\u00a0<\/a>\u00a0\u00a0 6-5<\/td>\n<td valign=\"top\" height=\"15\">\u00a0FERNANDEZ REDON, MIREIA (57&#8242;)<\/td>\n<\/tr>\n<\/tbody>\n<\/table>\n<p>Els tres primers punts del torneig, fan que el nostre femen\u00ed es col\u00b7loqui primer del grup. Un cop m\u00e9s impressiona la capacitat de reacci\u00f3 per donar-li la volta al marcador, si esfor\u00e7, esperit i lluita.<\/p>\n<p><a href=\"http:\/\/fegrama.cat\/web\/wp-content\/uploads\/2015\/04\/alevbenj1415.jpg\"><img loading=\"lazy\" decoding=\"async\" class=\"aligncenter size-full wp-image-10670\" alt=\"alevbenj1415\" src=\"http:\/\/fegrama.cat\/web\/wp-content\/uploads\/2015\/04\/alevbenj1415.jpg\" width=\"769\" height=\"577\" \/><\/a><\/p>\n<p>Este fin de semana comenz\u00f3 una nueva experiencia para las chicas del Alev\u00edn-Benjam\u00edn-Prebenjam\u00edn que tras finalizar la liga empezaron a jugar un Torneo Complementario organizado por la Federaci\u00f3 Catalana de F\u00fatbol. En el primer partido del Grupo 9 nuestras chicas sufrieron pero se llevaron una importante victoria por 6-5 ante el CE Sabadell \u00abB\u00bb.<\/p>\n<p>El partido ha sido muy igualado en el resultado pero no en el juego. Nuestras chicas han demostrado como saben hacer circular el bal\u00f3n, elaborando jugadas iniciando el juego desde la portera hasta la delantera. El rival, al ver que no pod\u00edan salir jugando con el bal\u00f3n por nuestra presi\u00f3n, decide jugar a lanzar bal\u00f3n largo aprovechando el fuerte chute de la portera.<\/p>\n<p>Las chicas dirigidas por Jordi P\u00e9rez consiguieron no entrar en ese juego a\u00e9reo y seguir jugando el bal\u00f3n, remontando en varias ocasiones el marcador en contra hasta sentenciar el encuentro.<\/p>\n<table border=\"0\" cellspacing=\"0\" cellpadding=\"0\" align=\"center\">\n<tbody>\n<tr>\n<td align=\"left\" valign=\"top\" nowrap=\"nowrap\" height=\"15\">\u00a0 \u00a0 \u00a0 \u00a00-1<\/td>\n<td valign=\"top\" height=\"15\">\u00a0GARRICA UCERO, ANDREA (3&#8242;)<\/td>\n<\/tr>\n<tr>\n<td align=\"left\" valign=\"top\" nowrap=\"nowrap\" height=\"15\">\u00a0 \u00a0<a title=\" Gol \">\u00a0<\/a>\u00a0\u00a0 1-1<\/td>\n<td valign=\"top\" height=\"15\">\u00a0ALJARO AMIGO, SARA (21&#8242;)<\/td>\n<\/tr>\n<tr>\n<td align=\"left\" valign=\"top\" nowrap=\"nowrap\" height=\"15\">\u00a0 \u00a0<a title=\" Gol \">\u00a0<\/a>\u00a0\u00a0 1-2<\/td>\n<td valign=\"top\" height=\"15\">\u00a0AMAT PARTERA, AINA (25&#8242;)<\/td>\n<\/tr>\n<tr>\n<td align=\"left\" valign=\"top\" nowrap=\"nowrap\" height=\"15\">\u00a0 \u00a0<a title=\" Gol \">\u00a0<\/a>\u00a0\u00a0 2-2<\/td>\n<td valign=\"top\" height=\"15\">\u00a0MARTINEZ CASADO, ARIADNA (35&#8242;)<\/td>\n<\/tr>\n<tr>\n<td align=\"left\" valign=\"top\" nowrap=\"nowrap\" height=\"15\">\u00a0 \u00a0<a title=\" Gol \">\u00a0<\/a>\u00a0\u00a0 3-2<\/td>\n<td valign=\"top\" height=\"15\">\u00a0PEREZ LLUIS, PATRICIA (37&#8242;)<\/td>\n<\/tr>\n<tr>\n<td align=\"left\" valign=\"top\" nowrap=\"nowrap\" height=\"15\">\u00a0 \u00a0<a title=\" Gol \">\u00a0<\/a>\u00a0\u00a0 3-3<\/td>\n<td valign=\"top\" height=\"15\">\u00a0FERNANDEZ REDON, MIREIA (43&#8242;)<\/td>\n<\/tr>\n<tr>\n<td align=\"left\" valign=\"top\" nowrap=\"nowrap\" height=\"15\">\u00a0 \u00a0<a title=\" Gol \">\u00a0<\/a>\u00a0\u00a0 4-3<\/td>\n<td valign=\"top\" height=\"15\">\u00a0CONDE OLLER, CARLA (44&#8242;)<\/td>\n<\/tr>\n<tr>\n<td align=\"left\" valign=\"top\" nowrap=\"nowrap\" height=\"15\">\u00a0 \u00a0<a title=\" Gol \">\u00a0<\/a>\u00a0\u00a0 5-3<\/td>\n<td valign=\"top\" height=\"15\">\u00a0MARTINEZ RIDAO, MONICA (46&#8242;)<\/td>\n<\/tr>\n<tr>\n<td align=\"left\" valign=\"top\" nowrap=\"nowrap\" height=\"15\">\u00a0 \u00a0<a title=\" Gol \">\u00a0<\/a>\u00a0\u00a0 6-3<\/td>\n<td valign=\"top\" height=\"15\">\u00a0CONDE OLLER, CARLA (52&#8242;)<\/td>\n<\/tr>\n<tr>\n<td align=\"left\" valign=\"top\" nowrap=\"nowrap\" height=\"15\">\u00a0 \u00a0<a title=\" Gol \">\u00a0<\/a>\u00a0\u00a0 6-4<\/td>\n<td valign=\"top\" height=\"15\">\u00a0MONTENEGRO AGUILAR, LYDIA (55&#8242;)<\/td>\n<\/tr>\n<tr>\n<td align=\"left\" valign=\"top\" nowrap=\"nowrap\" height=\"15\">\u00a0 \u00a0<a title=\" Gol \">\u00a0<\/a>\u00a0\u00a0 6-5<\/td>\n<td valign=\"top\" height=\"15\">\u00a0FERNANDEZ REDON, MIREIA (57&#8242;)<\/td>\n<\/tr>\n<\/tbody>\n<\/table>\n<p>Los tres primeros puntos del torneo, hacen que nuestro Alevin-benjamin se coloque primero del grupo. Una vez m\u00e1s impresiona la capacidad de reacci\u00f3n para darle la vuelta al marcador, si esfuerzo, esp\u00edritu y lucha.<\/p>\n","protected":false},"excerpt":{"rendered":"<p>Aquest cap de setmana va comen\u00e7ar una nova experi\u00e8ncia per a les noies de l&#8217;Alev\u00ed-Benjam\u00ed-Prebenjam\u00ed que despr\u00e9s de finalitzar la lliga van comen\u00e7ar a jugar un Torneig Complementari organitzat per la Federaci\u00f3 Catalana de Futbol. En el primer partit del Grup 9 les nostres noies van patir per\u00f2 es van emportar una important vict\u00f2ria per [&hellip;]<\/p>\n","protected":false},"author":1,"featured_media":0,"comment_status":"closed","ping_status":"closed","sticky":false,"template":"","format":"standard","meta":{"footnotes":""},"categories":[4,13],"tags":[],"class_list":["post-10668","post","type-post","status-publish","format-standard","hentry","category-base-inclusiu","category-femeni"],"_links":{"self":[{"href":"http:\/\/fegrama.cat\/web\/wp-json\/wp\/v2\/posts\/10668","targetHints":{"allow":["GET"]}}],"collection":[{"href":"http:\/\/fegrama.cat\/web\/wp-json\/wp\/v2\/posts"}],"about":[{"href":"http:\/\/fegrama.cat\/web\/wp-json\/wp\/v2\/types\/post"}],"author":[{"embeddable":true,"href":"http:\/\/fegrama.cat\/web\/wp-json\/wp\/v2\/users\/1"}],"replies":[{"embeddable":true,"href":"http:\/\/fegrama.cat\/web\/wp-json\/wp\/v2\/comments?post=10668"}],"version-history":[{"count":2,"href":"http:\/\/fegrama.cat\/web\/wp-json\/wp\/v2\/posts\/10668\/revisions"}],"predecessor-version":[{"id":10672,"href":"http:\/\/fegrama.cat\/web\/wp-json\/wp\/v2\/posts\/10668\/revisions\/10672"}],"wp:attachment":[{"href":"http:\/\/fegrama.cat\/web\/wp-json\/wp\/v2\/media?parent=10668"}],"wp:term":[{"taxonomy":"category","embeddable":true,"href":"http:\/\/fegrama.cat\/web\/wp-json\/wp\/v2\/categories?post=10668"},{"taxonomy":"post_tag","embeddable":true,"href":"http:\/\/fegrama.cat\/web\/wp-json\/wp\/v2\/tags?post=10668"}],"curies":[{"name":"wp","href":"https:\/\/api.w.org\/{rel}","templated":true}]}}