{"id":10665,"date":"2015-04-13T09:39:36","date_gmt":"2015-04-13T08:39:36","guid":{"rendered":"http:\/\/fegrama.cat\/web\/?p=10665"},"modified":"2015-04-13T09:39:36","modified_gmt":"2015-04-13T08:39:36","slug":"el-cadet-b-va-golejar-al-camp-del-sant-ignasi","status":"publish","type":"post","link":"http:\/\/fegrama.cat\/web\/el-cadet-b-va-golejar-al-camp-del-sant-ignasi\/","title":{"rendered":"El Cadet \u00abB\u00bb va golejar al camp del Sant Ignasi"},"content":{"rendered":"<p>El Cadet \u00abB\u00bb de la F.E.Grama va obtenir els tres punts del sempre dif\u00edcil camp del Sant Ignasi per un volumin\u00f3s 0-5.<\/p>\n<p>La vict\u00f2ria colomenca es va fonamentar en una gran defensa de les jugades a pilota parada i al voltant d&#8217;una pressi\u00f3 a camp rival que va anul\u00b7lar el rival. Els de la Grama van trencar a jugar a la primera part i a marcar gols: al minut 22 Arnau Tarres avan\u00e7ava al seu equip; i del 30 al 35 van viure tres gols m\u00e9s: Iv\u00e1n Nuevo i un doblet d&#8217;Adri\u00e1n Borreguero per pujar tres gols m\u00e9s al marcador.<\/p>\n<p>Aix\u00ed que amb 0-4 vam marxar al descans; en la segona meitat els nois d&#8217;Agust\u00edn Peraita van haver d&#8217;aguantar l&#8217;arrencada d&#8217;orgull dels locals per poder estendre l&#8217;avantatge a l&#8217;equador del segon temps gr\u00e0cies a un gol de Joan Portoles que tancava el partit.<\/p>\n<p><a href=\"http:\/\/fegrama.cat\/web\/wp-content\/uploads\/2015\/04\/cadB130415.jpg\"><img loading=\"lazy\" decoding=\"async\" class=\"aligncenter size-full wp-image-10666\" alt=\"cadB130415\" src=\"http:\/\/fegrama.cat\/web\/wp-content\/uploads\/2015\/04\/cadB130415.jpg\" width=\"964\" height=\"637\" \/><\/a><\/p>\n<p>El Cadete \u00abB\u00bb de la F.E.Grama obtuvo los tres puntos del siempre dif\u00edcil campo del Sant Ignasi por un abultado 0-5.<\/p>\n<p>La victoria colomense se ciment\u00f3 en una gran defensa de las jugadas a bal\u00f3n parado y en torno a una presi\u00f3n en campo rival que anul\u00f3 al rival. Los de la Grama rompieron a jugar en la primera parte y a marcar goles: en el minuto 22 Arnau Tarres adelantaba a su equipo; y del 30 al 35 vivimos tres goles m\u00e1s: Iv\u00e1n Nuevo pon\u00eda el 0-2 y un doblete de Adri\u00e1n Borreguero para subir dos goles m\u00e1s al marcador.<\/p>\n<p>As\u00ed que con 0-4 nos marchamos al descanso; en\u00a0la segunda mitad los chicos de Agust\u00edn Peraita tuvieron que aguantar el arranque de orgullo de los locales para poder extender la ventaja en el ecuador del segundo tiempo gracias a un tanto de Joan Portoles que cerraba el partido.<\/p>\n<p>&nbsp;<\/p>\n","protected":false},"excerpt":{"rendered":"<p>El Cadet \u00abB\u00bb de la F.E.Grama va obtenir els tres punts del sempre dif\u00edcil camp del Sant Ignasi per un volumin\u00f3s 0-5. La vict\u00f2ria colomenca es va fonamentar en una gran defensa de les jugades a pilota parada i al voltant d&#8217;una pressi\u00f3 a camp rival que va anul\u00b7lar el rival. Els de la Grama [&hellip;]<\/p>\n","protected":false},"author":1,"featured_media":0,"comment_status":"closed","ping_status":"closed","sticky":false,"template":"","format":"standard","meta":{"footnotes":""},"categories":[4,7],"tags":[],"class_list":["post-10665","post","type-post","status-publish","format-standard","hentry","category-base-inclusiu","category-cadets"],"_links":{"self":[{"href":"http:\/\/fegrama.cat\/web\/wp-json\/wp\/v2\/posts\/10665","targetHints":{"allow":["GET"]}}],"collection":[{"href":"http:\/\/fegrama.cat\/web\/wp-json\/wp\/v2\/posts"}],"about":[{"href":"http:\/\/fegrama.cat\/web\/wp-json\/wp\/v2\/types\/post"}],"author":[{"embeddable":true,"href":"http:\/\/fegrama.cat\/web\/wp-json\/wp\/v2\/users\/1"}],"replies":[{"embeddable":true,"href":"http:\/\/fegrama.cat\/web\/wp-json\/wp\/v2\/comments?post=10665"}],"version-history":[{"count":1,"href":"http:\/\/fegrama.cat\/web\/wp-json\/wp\/v2\/posts\/10665\/revisions"}],"predecessor-version":[{"id":10667,"href":"http:\/\/fegrama.cat\/web\/wp-json\/wp\/v2\/posts\/10665\/revisions\/10667"}],"wp:attachment":[{"href":"http:\/\/fegrama.cat\/web\/wp-json\/wp\/v2\/media?parent=10665"}],"wp:term":[{"taxonomy":"category","embeddable":true,"href":"http:\/\/fegrama.cat\/web\/wp-json\/wp\/v2\/categories?post=10665"},{"taxonomy":"post_tag","embeddable":true,"href":"http:\/\/fegrama.cat\/web\/wp-json\/wp\/v2\/tags?post=10665"}],"curies":[{"name":"wp","href":"https:\/\/api.w.org\/{rel}","templated":true}]}}