{"id":10662,"date":"2015-04-13T09:13:58","date_gmt":"2015-04-13T08:13:58","guid":{"rendered":"http:\/\/fegrama.cat\/web\/?p=10662"},"modified":"2015-04-13T09:13:58","modified_gmt":"2015-04-13T08:13:58","slug":"derrota-del-cadet-c-al-municipal-vall-dhebron","status":"publish","type":"post","link":"http:\/\/fegrama.cat\/web\/derrota-del-cadet-c-al-municipal-vall-dhebron\/","title":{"rendered":"Derrota del Cadet \u00abC\u00bb al Municipal Vall d&#8217;Hebron"},"content":{"rendered":"<p>La Gran Penya Espanyolista Manigua \u00abB\u00bb va trencar la bona ratxa que portaven els nois del Cadet \u00abC\u00bb, despr\u00e9s de sis partits seguits sense perdre els colomencs van dir ad\u00e9u a la ratxa amb una derrota per un ajustat 3-2.<\/p>\n<p>Durant la primera meitat vam veure un joc molt pobre amb molts errors t\u00e8cnics individuals, manca de mentalitat i dues lesions que van obligar a canviar peces dues vegades en els primers 40 minuts. L&#8217;equip entrenat per Alex Ram\u00edrez no va aconseguir adaptar-se al gui\u00f3 del partit i van pecar d&#8217;inexperi\u00e8ncia; mentre els \u00abespanyolistes\u00bb van ser superiors ficant una pressi\u00f3 molt agressiva.<\/p>\n<p>L&#8217;encert en jugades clau dels locals van posar al seu equip 2-0; David Morales retallaria dist\u00e0ncies per\u00f2 de nou Manigua aconseguiria posar una difer\u00e8ncia de dos gols per marxar al descans amb 3-1. En els segons 40 minuts de partit la Fundaci\u00f3 Esportiva Grama reaccionaria amb un sistema t\u00e0ctic de: 4-4-2.<\/p>\n<p>Desgraciadament l&#8217;equip li faltaria encert i ordre en les transicions, de vegades molt precipitats amb la pilota, com els ha arribat a passar en altres partits. David Morales marcaria el 3-2 definitiu; els colomencs malgrat la derrota seguiran segons.<\/p>\n<p><a href=\"http:\/\/fegrama.cat\/web\/wp-content\/uploads\/2015\/04\/cadC130415.jpg\"><img loading=\"lazy\" decoding=\"async\" class=\"aligncenter size-full wp-image-10663\" alt=\"cadC130415\" src=\"http:\/\/fegrama.cat\/web\/wp-content\/uploads\/2015\/04\/cadC130415.jpg\" width=\"969\" height=\"633\" \/><\/a><\/p>\n<p>La Gran Penya Espanyolista Manigua \u00abB\u00bb rompi\u00f3 la buena racha que llevaban los chicos del Cadete \u00abC\u00bb, tras seis partidos seguidos sin perder los colomenses dijeron adi\u00f3s a la racha con una derrota por un ajustado 3-2.<\/p>\n<p>Durante la primera mitad vimos un juego muy pobre con muchos fallos t\u00e9cnicos individuales, falta de mentalidad y dos lesiones que obligaron a cambiar piezas dos veces en los primeros 40 minutos. El equipo entrenado por Alex Ram\u00edrez no consigui\u00f3 adaptarse al gui\u00f3n del partido y pecaron de inexperiencia; mientras los \u00abespanyolistas\u00bb fueron superiores metiendo una presi\u00f3n muy agresiva.<\/p>\n<p>El acierto en jugadas clave de los locales pusieron a su equipo 2-0; David Morales recortar\u00eda distancias pero de nuevo Manigua conseguir\u00eda poner una diferencia de dos goles para marcharnos al descanso con 3-1. En los segundos 40 minutos de partido la Fundaci\u00f3 Esportiva Grama reaccionar\u00eda con un sistema t\u00e1ctico de: 4-4-2.<\/p>\n<p>Desgraciadamente al equipo le faltar\u00eda acierto y orden en las transiciones, a veces muy precipitados con el bal\u00f3n, como les ha llegado a pasar en otros partidos. David Morales marcar\u00eda el 3-2 definitivo; los colomenses pese a la derrota seguir\u00e1n segundos.<\/p>\n","protected":false},"excerpt":{"rendered":"<p>La Gran Penya Espanyolista Manigua \u00abB\u00bb va trencar la bona ratxa que portaven els nois del Cadet \u00abC\u00bb, despr\u00e9s de sis partits seguits sense perdre els colomencs van dir ad\u00e9u a la ratxa amb una derrota per un ajustat 3-2. Durant la primera meitat vam veure un joc molt pobre amb molts errors t\u00e8cnics individuals, [&hellip;]<\/p>\n","protected":false},"author":1,"featured_media":0,"comment_status":"closed","ping_status":"closed","sticky":false,"template":"","format":"standard","meta":{"footnotes":""},"categories":[4,7],"tags":[],"class_list":["post-10662","post","type-post","status-publish","format-standard","hentry","category-base-inclusiu","category-cadets"],"_links":{"self":[{"href":"http:\/\/fegrama.cat\/web\/wp-json\/wp\/v2\/posts\/10662","targetHints":{"allow":["GET"]}}],"collection":[{"href":"http:\/\/fegrama.cat\/web\/wp-json\/wp\/v2\/posts"}],"about":[{"href":"http:\/\/fegrama.cat\/web\/wp-json\/wp\/v2\/types\/post"}],"author":[{"embeddable":true,"href":"http:\/\/fegrama.cat\/web\/wp-json\/wp\/v2\/users\/1"}],"replies":[{"embeddable":true,"href":"http:\/\/fegrama.cat\/web\/wp-json\/wp\/v2\/comments?post=10662"}],"version-history":[{"count":1,"href":"http:\/\/fegrama.cat\/web\/wp-json\/wp\/v2\/posts\/10662\/revisions"}],"predecessor-version":[{"id":10664,"href":"http:\/\/fegrama.cat\/web\/wp-json\/wp\/v2\/posts\/10662\/revisions\/10664"}],"wp:attachment":[{"href":"http:\/\/fegrama.cat\/web\/wp-json\/wp\/v2\/media?parent=10662"}],"wp:term":[{"taxonomy":"category","embeddable":true,"href":"http:\/\/fegrama.cat\/web\/wp-json\/wp\/v2\/categories?post=10662"},{"taxonomy":"post_tag","embeddable":true,"href":"http:\/\/fegrama.cat\/web\/wp-json\/wp\/v2\/tags?post=10662"}],"curies":[{"name":"wp","href":"https:\/\/api.w.org\/{rel}","templated":true}]}}