{"id":10497,"date":"2015-03-30T19:40:52","date_gmt":"2015-03-30T18:40:52","guid":{"rendered":"http:\/\/fegrama.cat\/web\/?p=10497"},"modified":"2015-03-30T19:40:52","modified_gmt":"2015-03-30T18:40:52","slug":"lalevi-c-va-empatar-fora-de-casa","status":"publish","type":"post","link":"http:\/\/fegrama.cat\/web\/lalevi-c-va-empatar-fora-de-casa\/","title":{"rendered":"L&#8217;Alev\u00ed \u00abC\u00bb va empatar fora de casa"},"content":{"rendered":"<p>CE VILA OL\u00cdMPICA 2-2 ALEV\u00cd \u00abC\u00bb<\/p>\n<p>Partit igualat i interessant l&#8217;ofert pel Vila Olimpica i l&#8217;equip alev\u00ed \u00abC\u00bb de la Fundaci\u00f3 Esportiva Grama. Els dos equips van sortir mentalitzats a la recerca del triomf, per\u00f2 qui es va avan\u00e7ar primer al marcador va ser el conjunt local amb un gol que els podia donar empenta. No obstant aix\u00f2 la confian\u00e7a dels colomencs, que en cap moment es van enfonsar, va impedir que es don\u00e9s aquesta situaci\u00f3.<\/p>\n<p>\u00c9s m\u00e9s, no nom\u00e9s van aconseguir igualar el marcador, sin\u00f3 que es van posar per davant amb un 1-2, faltant dos minuts per al final del partit. Una lesi\u00f3 del central de l&#8217;equip de Santa Coloma, propicia el prolongaci\u00f3 del partit, un temps excessiu que acaba convertint-se en un martiri per als xavals de la FEGrama, que superat el temps reglamentari amb escreix, veuen com s&#8217;esfumen dos punts, en arribar el gol de l&#8217;empat del Vila Olimpica.<\/p>\n<p><a href=\"http:\/\/fegrama.cat\/web\/wp-content\/uploads\/2015\/03\/alevC300315.jpg\"><img loading=\"lazy\" decoding=\"async\" class=\"aligncenter size-full wp-image-10498\" alt=\"alevC300315\" src=\"http:\/\/fegrama.cat\/web\/wp-content\/uploads\/2015\/03\/alevC300315.jpg\" width=\"972\" height=\"636\" \/><\/a><\/p>\n<p>CE VILA OL\u00cdMPICA \u00a02-2 \u00a0ALEV\u00cdN \u201cC\u201d<\/p>\n<p>Partido igualado e interesante el ofrecido por el Vila Olimpica y el equipo alev\u00edn \u201cC\u201d\u00a0de la Fundaci\u00f3 Esportiva Grama. Los dos equipos salieron mentalizados en busca del\u00a0triunfo, pero quien se adelant\u00f3 primero en el marcador fue el conjunto local con un gol\u00a0que les pod\u00eda dar empuje. Sin embargo la confianza de los colomenses, que en ning\u00fan\u00a0momento se vinieron abajo, impidi\u00f3 que se diera dicha situaci\u00f3n.<\/p>\n<p>Es m\u00e1s, no solo\u00a0consiguieron igualar el marcador, sino que se pusieron por delante con un 1-2, faltando\u00a0dos minutos para el final del partido.\u00a0Una lesi\u00f3n del central del equipo de Santa Coloma, propicia el prolongaci\u00f3n del partido,\u00a0un tiempo excesivo que acaba convirti\u00e9ndose en un martirio para los chavales de la\u00a0FEGrama, que superado el tiempo reglamentario con creces, ven como se esfuman dos\u00a0puntos, al llegar el tanto del empate del Vila Olimpica.<\/p>\n","protected":false},"excerpt":{"rendered":"<p>CE VILA OL\u00cdMPICA 2-2 ALEV\u00cd \u00abC\u00bb Partit igualat i interessant l&#8217;ofert pel Vila Olimpica i l&#8217;equip alev\u00ed \u00abC\u00bb de la Fundaci\u00f3 Esportiva Grama. Els dos equips van sortir mentalitzats a la recerca del triomf, per\u00f2 qui es va avan\u00e7ar primer al marcador va ser el conjunt local amb un gol que els podia donar empenta. [&hellip;]<\/p>\n","protected":false},"author":1,"featured_media":9888,"comment_status":"closed","ping_status":"closed","sticky":false,"template":"","format":"standard","meta":{"footnotes":""},"categories":[10,4],"tags":[],"class_list":["post-10497","post","type-post","status-publish","format-standard","has-post-thumbnail","hentry","category-alevins","category-base-inclusiu"],"_links":{"self":[{"href":"http:\/\/fegrama.cat\/web\/wp-json\/wp\/v2\/posts\/10497","targetHints":{"allow":["GET"]}}],"collection":[{"href":"http:\/\/fegrama.cat\/web\/wp-json\/wp\/v2\/posts"}],"about":[{"href":"http:\/\/fegrama.cat\/web\/wp-json\/wp\/v2\/types\/post"}],"author":[{"embeddable":true,"href":"http:\/\/fegrama.cat\/web\/wp-json\/wp\/v2\/users\/1"}],"replies":[{"embeddable":true,"href":"http:\/\/fegrama.cat\/web\/wp-json\/wp\/v2\/comments?post=10497"}],"version-history":[{"count":1,"href":"http:\/\/fegrama.cat\/web\/wp-json\/wp\/v2\/posts\/10497\/revisions"}],"predecessor-version":[{"id":10499,"href":"http:\/\/fegrama.cat\/web\/wp-json\/wp\/v2\/posts\/10497\/revisions\/10499"}],"wp:featuredmedia":[{"embeddable":true,"href":"http:\/\/fegrama.cat\/web\/wp-json\/wp\/v2\/media\/9888"}],"wp:attachment":[{"href":"http:\/\/fegrama.cat\/web\/wp-json\/wp\/v2\/media?parent=10497"}],"wp:term":[{"taxonomy":"category","embeddable":true,"href":"http:\/\/fegrama.cat\/web\/wp-json\/wp\/v2\/categories?post=10497"},{"taxonomy":"post_tag","embeddable":true,"href":"http:\/\/fegrama.cat\/web\/wp-json\/wp\/v2\/tags?post=10497"}],"curies":[{"name":"wp","href":"https:\/\/api.w.org\/{rel}","templated":true}]}}