{"id":10494,"date":"2015-03-30T19:37:15","date_gmt":"2015-03-30T18:37:15","guid":{"rendered":"http:\/\/fegrama.cat\/web\/?p=10494"},"modified":"2015-03-30T19:37:15","modified_gmt":"2015-03-30T18:37:15","slug":"lalevi-d-va-golejar-al-canyelles","status":"publish","type":"post","link":"http:\/\/fegrama.cat\/web\/lalevi-d-va-golejar-al-canyelles\/","title":{"rendered":"L&#8217;Alev\u00ed \u00abD\u00bb va golejar al Canyelles"},"content":{"rendered":"<p>El marcador ho diu tot en aquest partit. L&#8217;alev\u00ed \u00abD\u00bb de la Fundaci\u00f3 Esportiva Grama es va imposar amb un rotund 14-1 al Canyelles, en qu\u00e8 la hist\u00f2ria del xoc es pot fins imaginar, amb un control total durant el temps reglamentari dels colomencs, sense deixar cap escletxa a els visitants.<\/p>\n<p>La difer\u00e8ncia obtinguda ja en els primers compassos de joc, va propiciar que el t\u00e8cnic de la FEGrama, realitz\u00e9s bastants rotacions al llarg del partit. La veritat \u00e9s que el fet de jugar al Nou Municipal de Santa Coloma i un mat\u00ed m\u00e9s que encertada dels xavals portar l&#8217;equip a logar aquest triomf sense discussi\u00f3 de cap classe.<\/p>\n<p><a href=\"http:\/\/fegrama.cat\/web\/wp-content\/uploads\/2015\/03\/alevd300315.jpg\"><img loading=\"lazy\" decoding=\"async\" class=\"aligncenter size-full wp-image-10495\" alt=\"alevd300315\" src=\"http:\/\/fegrama.cat\/web\/wp-content\/uploads\/2015\/03\/alevd300315.jpg\" width=\"762\" height=\"432\" \/><\/a><\/p>\n<p>El marcador lo dice todo en este partido. El alev\u00edn \u201cD\u201d de la Fundaci\u00f3 Esportiva\u00a0Grama se impuso con un rotundo 14-1 al Canyelles, en el que la historia del choque\u00a0se puede hasta imaginar, con un control total durante el tiempo reglamentario de los\u00a0colomenses, sin dejar ning\u00fan resquicio a los visitantes.<\/p>\n<p>La diferencia obtenida ya en\u00a0los primeros compases de juego, propici\u00f3 que el t\u00e9cnico de la FEGrama, realizara\u00a0bastantes rotaciones a lo largo del partido. La verdad es que el hecho de jugar en el Nou\u00a0Municipal de Santa Coloma y una ma\u00f1ana mas que acertada de los chavales llev\u00f3 al\u00a0equipo a logar ese triunfo sin discusi\u00f3n de ninguna clase.<\/p>\n","protected":false},"excerpt":{"rendered":"<p>El marcador ho diu tot en aquest partit. L&#8217;alev\u00ed \u00abD\u00bb de la Fundaci\u00f3 Esportiva Grama es va imposar amb un rotund 14-1 al Canyelles, en qu\u00e8 la hist\u00f2ria del xoc es pot fins imaginar, amb un control total durant el temps reglamentari dels colomencs, sense deixar cap escletxa a els visitants. La difer\u00e8ncia obtinguda ja [&hellip;]<\/p>\n","protected":false},"author":1,"featured_media":8435,"comment_status":"closed","ping_status":"closed","sticky":false,"template":"","format":"standard","meta":{"footnotes":""},"categories":[10,4],"tags":[],"class_list":["post-10494","post","type-post","status-publish","format-standard","has-post-thumbnail","hentry","category-alevins","category-base-inclusiu"],"_links":{"self":[{"href":"http:\/\/fegrama.cat\/web\/wp-json\/wp\/v2\/posts\/10494","targetHints":{"allow":["GET"]}}],"collection":[{"href":"http:\/\/fegrama.cat\/web\/wp-json\/wp\/v2\/posts"}],"about":[{"href":"http:\/\/fegrama.cat\/web\/wp-json\/wp\/v2\/types\/post"}],"author":[{"embeddable":true,"href":"http:\/\/fegrama.cat\/web\/wp-json\/wp\/v2\/users\/1"}],"replies":[{"embeddable":true,"href":"http:\/\/fegrama.cat\/web\/wp-json\/wp\/v2\/comments?post=10494"}],"version-history":[{"count":1,"href":"http:\/\/fegrama.cat\/web\/wp-json\/wp\/v2\/posts\/10494\/revisions"}],"predecessor-version":[{"id":10496,"href":"http:\/\/fegrama.cat\/web\/wp-json\/wp\/v2\/posts\/10494\/revisions\/10496"}],"wp:featuredmedia":[{"embeddable":true,"href":"http:\/\/fegrama.cat\/web\/wp-json\/wp\/v2\/media\/8435"}],"wp:attachment":[{"href":"http:\/\/fegrama.cat\/web\/wp-json\/wp\/v2\/media?parent=10494"}],"wp:term":[{"taxonomy":"category","embeddable":true,"href":"http:\/\/fegrama.cat\/web\/wp-json\/wp\/v2\/categories?post=10494"},{"taxonomy":"post_tag","embeddable":true,"href":"http:\/\/fegrama.cat\/web\/wp-json\/wp\/v2\/tags?post=10494"}],"curies":[{"name":"wp","href":"https:\/\/api.w.org\/{rel}","templated":true}]}}