{"id":10492,"date":"2015-03-30T19:34:01","date_gmt":"2015-03-30T18:34:01","guid":{"rendered":"http:\/\/fegrama.cat\/web\/?p=10492"},"modified":"2015-03-30T19:34:01","modified_gmt":"2015-03-30T18:34:01","slug":"lalevi-e-va-guanyar-al-ce-europa","status":"publish","type":"post","link":"http:\/\/fegrama.cat\/web\/lalevi-e-va-guanyar-al-ce-europa\/","title":{"rendered":"L&#8217;Alev\u00ed \u00abE\u00bb va guanyar al CE Europa"},"content":{"rendered":"<p>ALEV\u00cd \u00abE\u00bb 3-1 EUROPA<\/p>\n<p>Partit dominat de cap a peus per part dels alevins \u00abE\u00bb de la Fundaci\u00f3 Esportiva Grama, en un comprom\u00eds dif\u00edcil per endavant, contra l&#8217;Europa. Ja en el primer quart el quadre colomenc es va situar per davant en el marcador amb dos gols de Gerard Arjona, un marcador que li va permetre als locals en aquesta ocasi\u00f3, jugar amb serenitat i sense perdre el control del partit en cap moment.<\/p>\n<p>Amb aquest marcador de 2-0 s&#8217;anirien els xavals al descans. Ja comen\u00e7at el segon temps la t\u00f2nica seguia sent la mateixa que la demostrada en tot el xoc. Tot i aix\u00f2 els de Santa Coloma no tenien prou i buscaven amb afany el tercer gol, que arribaria de les botes d&#8217;Eric M\u00e1rquez que va col\u00b7locar el 3-0 al marcador.<\/p>\n<p>Ja en l&#8217;\u00faltim dels temps l&#8217;Europa va obtindria el gol que escur\u00e7aria dist\u00e0ncies, per\u00f2 sense temps per a m\u00e9s.<\/p>\n<p><a href=\"http:\/\/fegrama.cat\/web\/wp-content\/uploads\/2014\/12\/ALEV\u00cd-EFUNDACIO-GRAMA-SANTA-COLOMA.jpg\"><img loading=\"lazy\" decoding=\"async\" class=\"aligncenter size-full wp-image-8433\" alt=\"ALEV\u00cd EFUNDACIO GRAMA SANTA COLOMA\" src=\"http:\/\/fegrama.cat\/web\/wp-content\/uploads\/2014\/12\/ALEV\u00cd-EFUNDACIO-GRAMA-SANTA-COLOMA.jpg\" width=\"640\" height=\"480\" srcset=\"http:\/\/fegrama.cat\/web\/wp-content\/uploads\/2014\/12\/ALEV\u00cd-EFUNDACIO-GRAMA-SANTA-COLOMA.jpg 640w, http:\/\/fegrama.cat\/web\/wp-content\/uploads\/2014\/12\/ALEV\u00cd-EFUNDACIO-GRAMA-SANTA-COLOMA-300x225.jpg 300w\" sizes=\"auto, (max-width: 640px) 100vw, 640px\" \/><\/a><\/p>\n<p>ALEV\u00cdN \u201cE\u201d \u00a03-1 \u00a0EUROPA<\/p>\n<p>Partido dominado de cabo a rabo por parte de los alevines \u201cE\u201d de la Fundaci\u00f3 Esportiva\u00a0Grama, en un compromiso dif\u00edcil de antemano, contra el Europa. Ya en el primer\u00a0cuarto el cuadro colomense se situ\u00f3 por delante en el marcador con dos goles de Gerard\u00a0Arjona, un marcador que le permiti\u00f3 a los locales en esta ocasi\u00f3n, jugar con serenidad\u00a0y sin perder el control del encuentro en ning\u00fan momento.<\/p>\n<p>Con ese tanteador de 2-0 se\u00a0ir\u00edan los chavales al descanso. Ya comenzado el segundo tiempo la t\u00f3nica segu\u00eda siendo\u00a0la misma que la demostrada en todo el choque. A\u00fan as\u00ed los de Santa Coloma no ten\u00edan\u00a0bastante y buscaban con ah\u00ednco el tercer tanto, que llegar\u00eda de las botas de Eric M\u00e1rquez\u00a0que coloc\u00f3 el 3-0 en el marcador.<\/p>\n<p>Ya en el \u00faltimo de los tiempos el Europa obtendr\u00eda el\u00a0gol que acortar\u00eda distancias, pero sin tiempo para mas.<\/p>\n","protected":false},"excerpt":{"rendered":"<p>ALEV\u00cd \u00abE\u00bb 3-1 EUROPA Partit dominat de cap a peus per part dels alevins \u00abE\u00bb de la Fundaci\u00f3 Esportiva Grama, en un comprom\u00eds dif\u00edcil per endavant, contra l&#8217;Europa. Ja en el primer quart el quadre colomenc es va situar per davant en el marcador amb dos gols de Gerard Arjona, un marcador que li va [&hellip;]<\/p>\n","protected":false},"author":1,"featured_media":8433,"comment_status":"closed","ping_status":"closed","sticky":false,"template":"","format":"standard","meta":{"footnotes":""},"categories":[10,4],"tags":[],"class_list":["post-10492","post","type-post","status-publish","format-standard","has-post-thumbnail","hentry","category-alevins","category-base-inclusiu"],"_links":{"self":[{"href":"http:\/\/fegrama.cat\/web\/wp-json\/wp\/v2\/posts\/10492","targetHints":{"allow":["GET"]}}],"collection":[{"href":"http:\/\/fegrama.cat\/web\/wp-json\/wp\/v2\/posts"}],"about":[{"href":"http:\/\/fegrama.cat\/web\/wp-json\/wp\/v2\/types\/post"}],"author":[{"embeddable":true,"href":"http:\/\/fegrama.cat\/web\/wp-json\/wp\/v2\/users\/1"}],"replies":[{"embeddable":true,"href":"http:\/\/fegrama.cat\/web\/wp-json\/wp\/v2\/comments?post=10492"}],"version-history":[{"count":1,"href":"http:\/\/fegrama.cat\/web\/wp-json\/wp\/v2\/posts\/10492\/revisions"}],"predecessor-version":[{"id":10493,"href":"http:\/\/fegrama.cat\/web\/wp-json\/wp\/v2\/posts\/10492\/revisions\/10493"}],"wp:featuredmedia":[{"embeddable":true,"href":"http:\/\/fegrama.cat\/web\/wp-json\/wp\/v2\/media\/8433"}],"wp:attachment":[{"href":"http:\/\/fegrama.cat\/web\/wp-json\/wp\/v2\/media?parent=10492"}],"wp:term":[{"taxonomy":"category","embeddable":true,"href":"http:\/\/fegrama.cat\/web\/wp-json\/wp\/v2\/categories?post=10492"},{"taxonomy":"post_tag","embeddable":true,"href":"http:\/\/fegrama.cat\/web\/wp-json\/wp\/v2\/tags?post=10492"}],"curies":[{"name":"wp","href":"https:\/\/api.w.org\/{rel}","templated":true}]}}