{"id":10488,"date":"2015-03-30T19:29:06","date_gmt":"2015-03-30T18:29:06","guid":{"rendered":"http:\/\/fegrama.cat\/web\/?p=10488"},"modified":"2015-03-30T19:29:06","modified_gmt":"2015-03-30T18:29:06","slug":"el-benjami-a-va-perdre-a-casa-2","status":"publish","type":"post","link":"http:\/\/fegrama.cat\/web\/el-benjami-a-va-perdre-a-casa-2\/","title":{"rendered":"El Benjam\u00ed \u00abA\u00bb va perdre a casa"},"content":{"rendered":"<p>Cop per a l&#8217;equip benjam\u00ed \u00abA\u00bb de la Fundaci\u00f3 Esportiva Grama en el seu duel contra el Vila Olimpica, despr\u00e9s de perdre 3-9, en un partit en qu\u00e8 les coses van comen\u00e7ar m\u00e9s o menys igualades per acabar convertint-se en un passeig dels visitants.<\/p>\n<p>Els primers compassos del partit res feia presagiar que les coses anirien tan malament, ja que si el rival de torn marcava els xavals de casa aconseguien igualar el marcador, generant aix\u00ed una certa incertesa sobre el que podia passar al final del temps reglamentari.<\/p>\n<p>No obstant aix\u00f2, a l&#8217;encaixar el cinqu\u00e8 gol obra dels visitants, les coses van variar notablement a favor del conjunt foraster que es va fer amb el control total del partit. En fi, un partit per oblidar i aprendre de la derrota.<\/p>\n<p><a href=\"http:\/\/fegrama.cat\/web\/wp-content\/uploads\/2015\/03\/benjA300315.jpg\"><img loading=\"lazy\" decoding=\"async\" class=\"aligncenter size-full wp-image-10489\" alt=\"benjA300315\" src=\"http:\/\/fegrama.cat\/web\/wp-content\/uploads\/2015\/03\/benjA300315.jpg\" width=\"966\" height=\"636\" \/><\/a><\/p>\n<p>Mazazo para el equipo benjam\u00edn \u201cA\u201d de la Fundaci\u00f3 Esportiva Grama en su duelo\u00a0frente al Vila Olimpica, tras perder 3-9, en un partido en el que las cosas empezaron mas o menos\u00a0igualadas para acabar convirti\u00e9ndose en un paseo de los visitantes.<\/p>\n<p>Los primeros\u00a0compases del encuentro nada hacia presagiar que las cosas ir\u00edan tan mal, ya que si el \u00a0rival de turno marcaba los chavales de casa consegu\u00edan igualar el marcador, generando\u00a0as\u00ed cierta incertidumbre sobre lo que pod\u00eda pasar al final del tiempo reglamentario.<\/p>\n<p>Sin\u00a0embargo, al encajar el quinto gol obra de los visitantes, las cosas variaron notablemente\u00a0a favor del conjunto forastero que se hizo con el control total del choque. En fin, un\u00a0partido para olvidar y aprender de la derrota.<\/p>\n","protected":false},"excerpt":{"rendered":"<p>Cop per a l&#8217;equip benjam\u00ed \u00abA\u00bb de la Fundaci\u00f3 Esportiva Grama en el seu duel contra el Vila Olimpica, despr\u00e9s de perdre 3-9, en un partit en qu\u00e8 les coses van comen\u00e7ar m\u00e9s o menys igualades per acabar convertint-se en un passeig dels visitants. Els primers compassos del partit res feia presagiar que les coses [&hellip;]<\/p>\n","protected":false},"author":1,"featured_media":0,"comment_status":"closed","ping_status":"closed","sticky":false,"template":"","format":"standard","meta":{"footnotes":""},"categories":[4,11],"tags":[],"class_list":["post-10488","post","type-post","status-publish","format-standard","hentry","category-base-inclusiu","category-benjamins"],"_links":{"self":[{"href":"http:\/\/fegrama.cat\/web\/wp-json\/wp\/v2\/posts\/10488","targetHints":{"allow":["GET"]}}],"collection":[{"href":"http:\/\/fegrama.cat\/web\/wp-json\/wp\/v2\/posts"}],"about":[{"href":"http:\/\/fegrama.cat\/web\/wp-json\/wp\/v2\/types\/post"}],"author":[{"embeddable":true,"href":"http:\/\/fegrama.cat\/web\/wp-json\/wp\/v2\/users\/1"}],"replies":[{"embeddable":true,"href":"http:\/\/fegrama.cat\/web\/wp-json\/wp\/v2\/comments?post=10488"}],"version-history":[{"count":1,"href":"http:\/\/fegrama.cat\/web\/wp-json\/wp\/v2\/posts\/10488\/revisions"}],"predecessor-version":[{"id":10490,"href":"http:\/\/fegrama.cat\/web\/wp-json\/wp\/v2\/posts\/10488\/revisions\/10490"}],"wp:attachment":[{"href":"http:\/\/fegrama.cat\/web\/wp-json\/wp\/v2\/media?parent=10488"}],"wp:term":[{"taxonomy":"category","embeddable":true,"href":"http:\/\/fegrama.cat\/web\/wp-json\/wp\/v2\/categories?post=10488"},{"taxonomy":"post_tag","embeddable":true,"href":"http:\/\/fegrama.cat\/web\/wp-json\/wp\/v2\/tags?post=10488"}],"curies":[{"name":"wp","href":"https:\/\/api.w.org\/{rel}","templated":true}]}}