{"id":10478,"date":"2015-03-30T19:14:19","date_gmt":"2015-03-30T18:14:19","guid":{"rendered":"http:\/\/fegrama.cat\/web\/?p=10478"},"modified":"2015-03-30T19:14:19","modified_gmt":"2015-03-30T18:14:19","slug":"el-benjami-e-va-guanyar-al-narcis-sala","status":"publish","type":"post","link":"http:\/\/fegrama.cat\/web\/el-benjami-e-va-guanyar-al-narcis-sala\/","title":{"rendered":"El Benjam\u00ed \u00abE\u00bb va guanyar al Narc\u00eds Sala"},"content":{"rendered":"<p>Emoci\u00f3 en el partit que van jugar aquest cap de setmana els xavals del Sant Andreu contra el benjam\u00ed \u00abE\u00bb de la Fundaci\u00f3 Esportiva Grama, amb vict\u00f2ria final dels colomencs per 1-2. Una trobada que va ser dominat de principi a fi pels petits de Santa Coloma, avan\u00e7ant-se en el marcador amb dos gols que els suposaria jugar amb m\u00e9s tranquil\u00b7litat i un control de la situaci\u00f3 mes que manifest.<\/p>\n<p>La veritat \u00e9s que els propietaris del terreny de joc no van increpar massa la porta de l&#8217;equip colomenc, i les vegades que ho van fer va ser d&#8217;una manera t\u00edmida. El gol del Sant Andreu, arribaria faltant poc per a la conclusi\u00f3 del xoc, sense temps ja per a complicar-li la vida als que en aquesta ocasi\u00f3 van actuar com a forasters.<\/p>\n<p>Tres punts valuosos, en un camp molt dif\u00edcil, va ser la recompensa per als representants de la Grama.<\/p>\n<p><a href=\"http:\/\/fegrama.cat\/web\/wp-content\/uploads\/2015\/03\/benjE300315.jpg\"><img loading=\"lazy\" decoding=\"async\" class=\"aligncenter size-full wp-image-10479\" alt=\"benjE300315\" src=\"http:\/\/fegrama.cat\/web\/wp-content\/uploads\/2015\/03\/benjE300315.jpg\" width=\"988\" height=\"636\" \/><\/a><\/p>\n<p>Emoci\u00f3n en el partido que jugaron este fin de semana los chavales del Sant Andreu\u00a0contra el benjam\u00edn \u201cE\u201d de la Fundaci\u00f3 Esportiva Grama, con victoria final de los\u00a0colomenses por 1-2. Un encuentro que fue dominado de principio a fin por los peque\u00f1os\u00a0de Santa Coloma, adelant\u00e1ndose en el marcador con dos goles que les supondr\u00eda\u00a0jugar con mas tranquilidad y un control de la situaci\u00f3n mas que manifiesto.<\/p>\n<p>La verdad\u00a0es que los propietarios del terreno de juego no increparon en demas\u00eda la puerta del\u00a0equipo colomense, y las veces que lo hicieron fue de una manera t\u00edmida. El gol del\u00a0Sant Andreu, llegar\u00eda faltando poco para la conclusi\u00f3n del choque, sin tiempo ya para\u00a0complicarle la vida a los que en esta ocasi\u00f3n actuaron como forasteros.<\/p>\n<p>Tres puntos\u00a0valiosos, en un campo muy dif\u00edcil, fue la recompensa para los representantes de la\u00a0Grama.<\/p>\n","protected":false},"excerpt":{"rendered":"<p>Emoci\u00f3 en el partit que van jugar aquest cap de setmana els xavals del Sant Andreu contra el benjam\u00ed \u00abE\u00bb de la Fundaci\u00f3 Esportiva Grama, amb vict\u00f2ria final dels colomencs per 1-2. Una trobada que va ser dominat de principi a fi pels petits de Santa Coloma, avan\u00e7ant-se en el marcador amb dos gols que [&hellip;]<\/p>\n","protected":false},"author":1,"featured_media":0,"comment_status":"closed","ping_status":"closed","sticky":false,"template":"","format":"standard","meta":{"footnotes":""},"categories":[4,11],"tags":[],"class_list":["post-10478","post","type-post","status-publish","format-standard","hentry","category-base-inclusiu","category-benjamins"],"_links":{"self":[{"href":"http:\/\/fegrama.cat\/web\/wp-json\/wp\/v2\/posts\/10478","targetHints":{"allow":["GET"]}}],"collection":[{"href":"http:\/\/fegrama.cat\/web\/wp-json\/wp\/v2\/posts"}],"about":[{"href":"http:\/\/fegrama.cat\/web\/wp-json\/wp\/v2\/types\/post"}],"author":[{"embeddable":true,"href":"http:\/\/fegrama.cat\/web\/wp-json\/wp\/v2\/users\/1"}],"replies":[{"embeddable":true,"href":"http:\/\/fegrama.cat\/web\/wp-json\/wp\/v2\/comments?post=10478"}],"version-history":[{"count":1,"href":"http:\/\/fegrama.cat\/web\/wp-json\/wp\/v2\/posts\/10478\/revisions"}],"predecessor-version":[{"id":10480,"href":"http:\/\/fegrama.cat\/web\/wp-json\/wp\/v2\/posts\/10478\/revisions\/10480"}],"wp:attachment":[{"href":"http:\/\/fegrama.cat\/web\/wp-json\/wp\/v2\/media?parent=10478"}],"wp:term":[{"taxonomy":"category","embeddable":true,"href":"http:\/\/fegrama.cat\/web\/wp-json\/wp\/v2\/categories?post=10478"},{"taxonomy":"post_tag","embeddable":true,"href":"http:\/\/fegrama.cat\/web\/wp-json\/wp\/v2\/tags?post=10478"}],"curies":[{"name":"wp","href":"https:\/\/api.w.org\/{rel}","templated":true}]}}