{"id":10464,"date":"2015-03-30T16:43:02","date_gmt":"2015-03-30T15:43:02","guid":{"rendered":"http:\/\/fegrama.cat\/web\/?p=10464"},"modified":"2015-03-30T16:43:02","modified_gmt":"2015-03-30T15:43:02","slug":"lultim-quart-sentencia-lalevi-h","status":"publish","type":"post","link":"http:\/\/fegrama.cat\/web\/lultim-quart-sentencia-lalevi-h\/","title":{"rendered":"L&#8217;\u00faltim quart sent\u00e8ncia l&#8217;Alev\u00ed H"},"content":{"rendered":"<p style=\"text-align: center;\"><a href=\"http:\/\/fegrama.cat\/web\/wp-content\/uploads\/2015\/03\/ale-h.jpg\"><img loading=\"lazy\" decoding=\"async\" class=\"aligncenter  wp-image-10465\" alt=\"ale h\" src=\"http:\/\/fegrama.cat\/web\/wp-content\/uploads\/2015\/03\/ale-h.jpg\" width=\"672\" height=\"504\" \/><\/a><\/p>\n<p style=\"text-align: justify;\">Incomprensible derrota l&#8217;encaixa pel alev\u00ed \u00abH\u00bb de la Fundaci\u00f3 Esportiva Grama, davant del rival de torn, La Salle Bonanova. Un partit que va ser d&#8217;absolut control dels locals en els primers quarts, arribant a posar-se amb 1-0 al marcador, gol aconseguit per Jean Paul. Iniciat el segon temps o el primer quart d&#8217;aquest per\u00edode, la situaci\u00f3 va canviar i la veritat \u00e9s que la igualtat va aflorar sobre el rectangle de joc, amb m\u00faltiples anades i vingudes dels dos equips, que van propiciar que el marcador es pos\u00e9s en un 3- 3.Lleg\u00f3 l&#8217;\u00faltim quart del xoc, i incomprensiblement la Grama va perdre la br\u00faixola dela confrontaci\u00f3, fins al punt que els jugadors de La Salle Bonanova, li van endossar sis gols m\u00e9s al conjunt local. Una mica inesperat, per\u00f2 real.\u00e7<\/p>\n<p style=\"text-align: justify;\">[divider]<\/p>\n<p style=\"text-align: justify;\">Incomprensible derrota la encaja por el alev\u00edn \u201cH\u201d de la Fundaci\u00f3 Esportiva Grama, frente al rival de turno, La Salle Bonanova. Un partido que fue de absoluto control de los locales en los primeros cuartos, llegando a ponerse con 1-0 en el marcador, tanto conseguido por Jean Paul. Iniciado el segundo tiempo o el primer cuarto de este periodo, la situaci\u00f3n cambi\u00f3 y la verdad es que la igualdad aflor\u00f3 sobre el rect\u00e1ngulo de juego, con m\u00faltiples idas y venidas de los dos equipos, que propiciaron que el tanteador se pusiera en un 3-3.Lleg\u00f3 el ultimo cuarto del choque, e incomprensiblemente la Grama perdi\u00f3 la br\u00fajula dela confrontaci\u00f3n, hasta el punto que los jugadores de La Salle Bonanova, le endosaron seis goles mas al conjunto local. Algo inesperado, pero real.<\/p>\n","protected":false},"excerpt":{"rendered":"<p>Incomprensible derrota l&#8217;encaixa pel alev\u00ed \u00abH\u00bb de la Fundaci\u00f3 Esportiva Grama, davant del rival de torn, La Salle Bonanova. Un partit que va ser d&#8217;absolut control dels locals en els primers quarts, arribant a posar-se amb 1-0 al marcador, gol aconseguit per Jean Paul. Iniciat el segon temps o el primer quart d&#8217;aquest per\u00edode, la [&hellip;]<\/p>\n","protected":false},"author":1,"featured_media":0,"comment_status":"closed","ping_status":"closed","sticky":false,"template":"","format":"standard","meta":{"footnotes":""},"categories":[10,4],"tags":[],"class_list":["post-10464","post","type-post","status-publish","format-standard","hentry","category-alevins","category-base-inclusiu"],"_links":{"self":[{"href":"http:\/\/fegrama.cat\/web\/wp-json\/wp\/v2\/posts\/10464","targetHints":{"allow":["GET"]}}],"collection":[{"href":"http:\/\/fegrama.cat\/web\/wp-json\/wp\/v2\/posts"}],"about":[{"href":"http:\/\/fegrama.cat\/web\/wp-json\/wp\/v2\/types\/post"}],"author":[{"embeddable":true,"href":"http:\/\/fegrama.cat\/web\/wp-json\/wp\/v2\/users\/1"}],"replies":[{"embeddable":true,"href":"http:\/\/fegrama.cat\/web\/wp-json\/wp\/v2\/comments?post=10464"}],"version-history":[{"count":1,"href":"http:\/\/fegrama.cat\/web\/wp-json\/wp\/v2\/posts\/10464\/revisions"}],"predecessor-version":[{"id":10466,"href":"http:\/\/fegrama.cat\/web\/wp-json\/wp\/v2\/posts\/10464\/revisions\/10466"}],"wp:attachment":[{"href":"http:\/\/fegrama.cat\/web\/wp-json\/wp\/v2\/media?parent=10464"}],"wp:term":[{"taxonomy":"category","embeddable":true,"href":"http:\/\/fegrama.cat\/web\/wp-json\/wp\/v2\/categories?post=10464"},{"taxonomy":"post_tag","embeddable":true,"href":"http:\/\/fegrama.cat\/web\/wp-json\/wp\/v2\/tags?post=10464"}],"curies":[{"name":"wp","href":"https:\/\/api.w.org\/{rel}","templated":true}]}}