{"id":10463,"date":"2015-03-30T19:22:33","date_gmt":"2015-03-30T18:22:33","guid":{"rendered":"http:\/\/fegrama.cat\/web\/?p=10463"},"modified":"2015-03-30T19:22:33","modified_gmt":"2015-03-30T18:22:33","slug":"el-benjami-c-va-golejar-a-hospitalet","status":"publish","type":"post","link":"http:\/\/fegrama.cat\/web\/el-benjami-c-va-golejar-a-hospitalet\/","title":{"rendered":"El Benjam\u00ed \u00abC\u00bb va golejar a Hospitalet"},"content":{"rendered":"<p>El benjam\u00ed \u00abC\u00bb de la Fundaci\u00f3 Esportiva Grama, es va imposar per 3-11, en el seu partit davant del Hospitalenc, equip aquest que a priori donava la sensaci\u00f3 que crearia m\u00e9s complicacions per als de Santa Coloma. No obstant aix\u00f2, des del primer moment els xavals de la Fundaci\u00f3, van saltar al terreny de joc amb ganes de resoldre aviat la papereta i de fet que ho van aconseguir.<\/p>\n<p>Possiblement l&#8217;equip de L&#8217;Hospitalet, tampoc va tenir el seu millor dia, ja que en cap fase de la confrontaci\u00f3, van crear perill suficient com per pensar que davant hi havia un equip amb pres\u00e8ncia, capa\u00e7 de posar dificultats durant el temps reglamentari.<\/p>\n<p>A destacar els sis gols aconseguits per Sebas, les quatre dianes d&#8217;Iker i el penal que va transformar l&#8217;arquer colomenc.<\/p>\n<p><a href=\"http:\/\/fegrama.cat\/web\/wp-content\/uploads\/2015\/03\/benjC300315.jpg\"><img loading=\"lazy\" decoding=\"async\" class=\"aligncenter size-full wp-image-10484\" alt=\"benjC300315\" src=\"http:\/\/fegrama.cat\/web\/wp-content\/uploads\/2015\/03\/benjC300315.jpg\" width=\"971\" height=\"637\" \/><\/a><\/p>\n<p>El benjam\u00edn \u00abC\u00bb de la Fundaci\u00f3 Esportiva Grama, se impuso por 3-11, en su partido frente al Hospitalense, equipo \u00e9ste que a priori daba la sensaci\u00f3n de que crear\u00eda mas complicaciones para los de Santa Coloma. Sin embargo, desde el primer momento los chavales de la Fundaci\u00f3, saltaron al terreno de juego con ganas de resolver pronto la papeleta y de hecho que lo consiguieron.<\/p>\n<p>Posiblemente el equipo de L\u00b4Hospitalet, tampoco tuvo su mejor d\u00eda, pues en ninguna fase de la confrontaci\u00f3n, crearon peligro suficiente como para pensar que enfrente hab\u00eda un equipo con empaque, capaz de poner dificultades durante el tiempo reglamentario.<\/p>\n<p>A destacar los seis goles conseguidos por Sebas, las cuatro dianas de Iker y el penalti que transform\u00f3 el arquero colomense.<\/p>\n","protected":false},"excerpt":{"rendered":"<p>El benjam\u00ed \u00abC\u00bb de la Fundaci\u00f3 Esportiva Grama, es va imposar per 3-11, en el seu partit davant del Hospitalenc, equip aquest que a priori donava la sensaci\u00f3 que crearia m\u00e9s complicacions per als de Santa Coloma. No obstant aix\u00f2, des del primer moment els xavals de la Fundaci\u00f3, van saltar al terreny de joc [&hellip;]<\/p>\n","protected":false},"author":1,"featured_media":0,"comment_status":"closed","ping_status":"closed","sticky":false,"template":"","format":"standard","meta":{"footnotes":""},"categories":[4,11],"tags":[],"class_list":["post-10463","post","type-post","status-publish","format-standard","hentry","category-base-inclusiu","category-benjamins"],"_links":{"self":[{"href":"http:\/\/fegrama.cat\/web\/wp-json\/wp\/v2\/posts\/10463","targetHints":{"allow":["GET"]}}],"collection":[{"href":"http:\/\/fegrama.cat\/web\/wp-json\/wp\/v2\/posts"}],"about":[{"href":"http:\/\/fegrama.cat\/web\/wp-json\/wp\/v2\/types\/post"}],"author":[{"embeddable":true,"href":"http:\/\/fegrama.cat\/web\/wp-json\/wp\/v2\/users\/1"}],"replies":[{"embeddable":true,"href":"http:\/\/fegrama.cat\/web\/wp-json\/wp\/v2\/comments?post=10463"}],"version-history":[{"count":2,"href":"http:\/\/fegrama.cat\/web\/wp-json\/wp\/v2\/posts\/10463\/revisions"}],"predecessor-version":[{"id":10485,"href":"http:\/\/fegrama.cat\/web\/wp-json\/wp\/v2\/posts\/10463\/revisions\/10485"}],"wp:attachment":[{"href":"http:\/\/fegrama.cat\/web\/wp-json\/wp\/v2\/media?parent=10463"}],"wp:term":[{"taxonomy":"category","embeddable":true,"href":"http:\/\/fegrama.cat\/web\/wp-json\/wp\/v2\/categories?post=10463"},{"taxonomy":"post_tag","embeddable":true,"href":"http:\/\/fegrama.cat\/web\/wp-json\/wp\/v2\/tags?post=10463"}],"curies":[{"name":"wp","href":"https:\/\/api.w.org\/{rel}","templated":true}]}}