{"id":10457,"date":"2015-03-30T16:36:53","date_gmt":"2015-03-30T15:36:53","guid":{"rendered":"http:\/\/fegrama.cat\/web\/?p=10457"},"modified":"2015-03-30T16:36:53","modified_gmt":"2015-03-30T15:36:53","slug":"contundent-victoria-del-juvenil-b-per-assegurar-la-categoria","status":"publish","type":"post","link":"http:\/\/fegrama.cat\/web\/contundent-victoria-del-juvenil-b-per-assegurar-la-categoria\/","title":{"rendered":"Contundent vict\u00f2ria del Juvenil B per assegurar la categoria."},"content":{"rendered":"<p style=\"text-align: center;\"><a href=\"http:\/\/fegrama.cat\/web\/wp-content\/uploads\/2015\/03\/juv-b1.jpg\"><img loading=\"lazy\" decoding=\"async\" class=\"aligncenter  wp-image-10459\" alt=\"juv b\" src=\"http:\/\/fegrama.cat\/web\/wp-content\/uploads\/2015\/03\/juv-b1.jpg\" width=\"672\" height=\"504\" \/><\/a><\/p>\n<p style=\"text-align: justify;\">Partit molt important el disputat pel juvenil \u00abB\u00bb de la Fundaci\u00f3 Esportiva Grama per deixar encarrilada la salvaci\u00f3 matem\u00e0tica. El rival de torn era el Granollers i, la veritat, va posar les coses bastant complicades. Els dos equips van sortir amb for\u00e7a ganes de controlar la situaci\u00f3, i francament amb un rival molt descarat per a la Grama, que va generar for\u00e7a pressi\u00f3 a dalt, dificultant la sortida dels colomencs amb la pilota controlada des del darrere. Aix\u00f2 va portar als del Vall\u00e8s a crear una ocasi\u00f3 clara que acabaria al pal. Per\u00f2, encara aix\u00ed, el primer gol arribaria a favor dels de casa, en una jugada iniciada per Aaron, un centre mesurat a Brian, que sense pensar-s&#8217;ho dues vegades l&#8217;envia al fons de la xarxa. Un tant psicol\u00f2gic, ja que arribava complert en minut 44 del primer temps. Amb aquest avantatge curta, encara que suficient la Grama podia anar m\u00e9s tranquil de cara a afrontar el segon tiempo.Iniciado el segon per\u00edode, la FEGrama, va sortir amb molt nervi i donant compte que qui manaven sobre el terreny de joc, eren els representants locals que, bolcats a l&#8217;atac i amb molt bona disposici\u00f3 defensiva, van arribar a crear m\u00faltiples ocasions. El joc per les bandes, es va convertir en l&#8217;arma letal per als de casa, que aprofitant les seves internades van aconseguir aconseguir situar moltes pilotes sobre l&#8217;\u00e0rea delGranollers, fins que Brian despr\u00e9s de rebre un centre de Mart\u00ed, col\u00b7locava el 2-0 al marcador. Pocs minuts despr\u00e9s, Ovejero, despr\u00e9s de rebre un rebuig a la frontal de l&#8217;\u00e0rea, posava en el compte el tercer gol del mat\u00ed. Amb 3-0 a favor i jugant amb tranquil\u00b7litat, per\u00f2 sense perdre el control de la situaci\u00f3, la Grama, mantenia el comandament sobre el rectangle de joc.<br \/>\nAmb tot a favor i faltant un minut per al final de la contesa, en l&#8217;\u00fanic error del partit, arribaria el gol dels visitants, deixant el marcador definitiu de 3-1. En definitiva, un partit en qu\u00e8 la disposici\u00f3 dels locals, va estar sempre latent i en el qual no es van veure errors considerables.<\/p>\n<p style=\"text-align: justify;\">[divider]<\/p>\n<p style=\"text-align: justify;\">Partido muy importante el disputado por el juvenil \u201cB\u201d de la Fundaci\u00f3 Esportiva Gramapara dejar encarrilada la salvaci\u00f3n matem\u00e1tica. El rival de turno era el Granollers y, la verdad, puso las cosas bastante complicadas. Los dos equipos salieron con bastantes ganas de controlar la situaci\u00f3n, y a decir verdad con un rival muy descarado para la Grama, que gener\u00f3 bastante presi\u00f3n arriba, dificultando la salida de los colomenses con el bal\u00f3n controlado desde atr\u00e1s. Eso llev\u00f3 a los del Vall\u00e9s a crear una ocasi\u00f3n clara que acabar\u00eda en el poste. Pero, sin embargo, el primer gol llegar\u00eda a favor de los de casa, en una jugada iniciada por Aar\u00f3n, un centro medido a Brian, que sin pens\u00e1rselo dos veces lo env\u00eda al fondo de las mallas. Un tanto psicol\u00f3gico, ya que llegaba cumplido en minuto 44 del primer tiempo. Con esa ventaja corta, aunque suficiente la Grama pod\u00eda irse mas tranquila de cara a afrontar el segundo tiempo.Iniciado el segundo periodo, la FEGrama, sali\u00f3 con mucho nervio y dando cuenta de que quien mandaban sobre el terreno de juego, eran los representantes locales que, volcados al ataque y con muy buena disposici\u00f3n defensiva, llegaron a crear m\u00faltiples ocasiones. El juego por las bandas, se convirti\u00f3 en el arma letal para los de casa, que aprovechando sus internadas lograron conseguir situar muchos balones sobre el \u00e1rea delGranollers, hasta que Brian tras recibir un centro de Mart\u00ed, colocaba el 2-0 en el tanteador. Pocos minutos despu\u00e9s, Ovejero, tras recibir un rechace en la frontal del \u00e1rea,pon\u00eda en la cuenta el tercer gol de la ma\u00f1ana. Con 3-0 a favor y jugando con tranquilidad, pero sin perder el control de la situaci\u00f3n , la Grama, manten\u00eda el mando sobre el rect\u00e1ngulo de juego.<br \/>\nCon todo a favor y faltando un minuto para el final de la contienda, en el \u00fanico error delpartido, llegar\u00eda el gol de los visitantes, dejando el marcador definitivo de 3-1. En definitiva, un partido en el que la disposici\u00f3n de los locales, estuvo siempre latente y en el que no se vieron errores considerables.<\/p>\n","protected":false},"excerpt":{"rendered":"<p>Partit molt important el disputat pel juvenil \u00abB\u00bb de la Fundaci\u00f3 Esportiva Grama per deixar encarrilada la salvaci\u00f3 matem\u00e0tica. El rival de torn era el Granollers i, la veritat, va posar les coses bastant complicades. Els dos equips van sortir amb for\u00e7a ganes de controlar la situaci\u00f3, i francament amb un rival molt descarat per [&hellip;]<\/p>\n","protected":false},"author":1,"featured_media":0,"comment_status":"closed","ping_status":"closed","sticky":false,"template":"","format":"standard","meta":{"footnotes":""},"categories":[4,6],"tags":[],"class_list":["post-10457","post","type-post","status-publish","format-standard","hentry","category-base-inclusiu","category-juvenils"],"_links":{"self":[{"href":"http:\/\/fegrama.cat\/web\/wp-json\/wp\/v2\/posts\/10457","targetHints":{"allow":["GET"]}}],"collection":[{"href":"http:\/\/fegrama.cat\/web\/wp-json\/wp\/v2\/posts"}],"about":[{"href":"http:\/\/fegrama.cat\/web\/wp-json\/wp\/v2\/types\/post"}],"author":[{"embeddable":true,"href":"http:\/\/fegrama.cat\/web\/wp-json\/wp\/v2\/users\/1"}],"replies":[{"embeddable":true,"href":"http:\/\/fegrama.cat\/web\/wp-json\/wp\/v2\/comments?post=10457"}],"version-history":[{"count":1,"href":"http:\/\/fegrama.cat\/web\/wp-json\/wp\/v2\/posts\/10457\/revisions"}],"predecessor-version":[{"id":10460,"href":"http:\/\/fegrama.cat\/web\/wp-json\/wp\/v2\/posts\/10457\/revisions\/10460"}],"wp:attachment":[{"href":"http:\/\/fegrama.cat\/web\/wp-json\/wp\/v2\/media?parent=10457"}],"wp:term":[{"taxonomy":"category","embeddable":true,"href":"http:\/\/fegrama.cat\/web\/wp-json\/wp\/v2\/categories?post=10457"},{"taxonomy":"post_tag","embeddable":true,"href":"http:\/\/fegrama.cat\/web\/wp-json\/wp\/v2\/tags?post=10457"}],"curies":[{"name":"wp","href":"https:\/\/api.w.org\/{rel}","templated":true}]}}