{"id":10454,"date":"2015-03-30T16:37:56","date_gmt":"2015-03-30T15:37:56","guid":{"rendered":"http:\/\/fegrama.cat\/web\/?p=10454"},"modified":"2015-03-30T16:37:56","modified_gmt":"2015-03-30T15:37:56","slug":"la-falta-de-gol-derrota-al-juvenil-a","status":"publish","type":"post","link":"http:\/\/fegrama.cat\/web\/la-falta-de-gol-derrota-al-juvenil-a\/","title":{"rendered":"La falta de gol derrota al Juvenil A"},"content":{"rendered":"<p style=\"text-align: center;\"><a href=\"http:\/\/fegrama.cat\/web\/wp-content\/uploads\/2015\/03\/juv-a.jpg\"><img loading=\"lazy\" decoding=\"async\" class=\"aligncenter  wp-image-10455\" alt=\"juv a\" src=\"http:\/\/fegrama.cat\/web\/wp-content\/uploads\/2015\/03\/juv-a.jpg\" width=\"672\" height=\"504\" \/><\/a><\/p>\n<p style=\"text-align: justify;\">Partit intens\u00edssim el que es va disputar el passat diumenge al Nou Municipal de Santa Coloma, entre el juvenil \u00abA\u00bb de la Fundaci\u00f3 Esportiva Grama, contra el Catalonia. Un xoc que injustament van perdre els locals, ja que el major esfor\u00e7 va ser d&#8217;aquests i nom\u00e9s la falta de sort de cara a la porteria contraria impedir la suma de tres puntos.Empez\u00f3 el xoc amb el control del joc per part dels colomencs, despr\u00e9s uns minuts inicials de tempteig. Un sistema, el implantat pel t\u00e8cnic Toni Rovira, que no tan sols permetia tenir amarrat b\u00e9 el centre del camp, sin\u00f3 que la penetraci\u00f3 per bandes, va ser tamb\u00e9 una de les constants del partit. A mesura que el rellotge anava avan\u00e7ant, m\u00e9s patent es feia el domini local, davant un Catalonia, que arribava a t\u00edmides ocasions a l&#8217;\u00e0rea del conjunt blav\u00f3s, sense inquietar massa als de casa.La veritat \u00e9s que en aquesta primera part els nois de Santa Coloma haguessin merescut marxar al vestidor amb un lleuger avantatge en el marcador, per\u00f2 com ja hem assenyalat l&#8217;infortuni es va convertir en el mal acompanyant del conjunt local.<\/p>\n<p style=\"text-align: justify;\">Iniciada la segona part la t\u00f2nica del xoc va ser exactament la mateixa que hav\u00edem viscut en els primers 45 minuts. Control del juvenil \u00abA\u00bb de la FEGrama, superant al seu oponent en tots els sentits, i mantenint-se aquesta ratxa de mala sort en el moment de perforar la xarxa de l&#8217;equip contrari, a m\u00e9s d&#8217;una pilota que es va estavellar al pal. En fi, el que de vegades passa en futbol, \u200b\u200bque uns fan la despesa, sense aconseguir res i els altres, amb molt menys esfor\u00e7 es porten el triomf, que va ser el que va passar quan en el minut 76 de joc, a pilota parada, els representants del Catalonia aconseguirien l&#8217;\u00fanic gol del partit.<\/p>\n<p style=\"text-align: justify;\">[divider]<\/p>\n<p style=\"text-align: justify;\">Partido intens\u00edsimo el que se disput\u00f3 el pasado domingo en el Nou Municipal de Santa Coloma, entre el juvenil \u201cA\u201d de la Fundaci\u00f3 Esportiva Grama, contra el Catalonia. Un choque que injustamente perdieron los locales, ya que el mayor esfuerzo fue de \u00e9stos y solamente la falta de suerte de cara a la porter\u00eda contrar\u00eda impidi\u00f3 la suma de tres puntos.Empez\u00f3 el choque con el control del juego por parte de los colomenses, tras unos minutos iniciales de tanteo. Un sistema, el implantado por el t\u00e9cnico Toni Rovira, que no tan s\u00f3lo permit\u00eda tener amarrado bien el centro del campo, sino que la penetraci\u00f3n por bandas, fue tambi\u00e9n una de las constantes del partido. A medida que el reloj iba avanzando, mas patente se hac\u00eda el dominio local, ante un Catalonia , que llegaba en t\u00edmidas ocasiones al \u00e1rea del conjunto azulado, sin inquietar demasiado a los de casa.La verdad es que en esta primera parte los muchachos de Santa Coloma hubieran merecido marcharse al vestuario con una ligera ventaja en el marcador, pero como ya hemos se\u00f1alado el infortunio se convirti\u00f3 en el mal acompa\u00f1ante del conjunto local.<\/p>\n<p style=\"text-align: justify;\">Iniciada la segunda parte la t\u00f3nica del choque fue exactamente la misma que hab\u00edamos vivido en los primeros 45 minutos. Control del juvenil \u201cA\u201d de la FEGrama, superando asu oponente en todos los sentidos, y manteni\u00e9ndose esa racha de mala suerte en el momento de perforar la red del equipo contrario, adem\u00e1s de un bal\u00f3n que se estrell\u00f3 en el palo. En fin, lo que a veces sucede en f\u00fatbol, que unos hacen el gasto, sin conseguir nada y los otros, con mucho menos esfuerzo se llevan el triunfo, que fue lo que ocurri\u00f3 cuando en el minuto 76 de juego, a bal\u00f3n parado, los representantes del Catalonia conseguir\u00edan el \u00fanico gol del partido.<\/p>\n","protected":false},"excerpt":{"rendered":"<p>Partit intens\u00edssim el que es va disputar el passat diumenge al Nou Municipal de Santa Coloma, entre el juvenil \u00abA\u00bb de la Fundaci\u00f3 Esportiva Grama, contra el Catalonia. Un xoc que injustament van perdre els locals, ja que el major esfor\u00e7 va ser d&#8217;aquests i nom\u00e9s la falta de sort de cara a la porteria [&hellip;]<\/p>\n","protected":false},"author":1,"featured_media":0,"comment_status":"closed","ping_status":"closed","sticky":false,"template":"","format":"standard","meta":{"footnotes":""},"categories":[4,6],"tags":[],"class_list":["post-10454","post","type-post","status-publish","format-standard","hentry","category-base-inclusiu","category-juvenils"],"_links":{"self":[{"href":"http:\/\/fegrama.cat\/web\/wp-json\/wp\/v2\/posts\/10454","targetHints":{"allow":["GET"]}}],"collection":[{"href":"http:\/\/fegrama.cat\/web\/wp-json\/wp\/v2\/posts"}],"about":[{"href":"http:\/\/fegrama.cat\/web\/wp-json\/wp\/v2\/types\/post"}],"author":[{"embeddable":true,"href":"http:\/\/fegrama.cat\/web\/wp-json\/wp\/v2\/users\/1"}],"replies":[{"embeddable":true,"href":"http:\/\/fegrama.cat\/web\/wp-json\/wp\/v2\/comments?post=10454"}],"version-history":[{"count":1,"href":"http:\/\/fegrama.cat\/web\/wp-json\/wp\/v2\/posts\/10454\/revisions"}],"predecessor-version":[{"id":10456,"href":"http:\/\/fegrama.cat\/web\/wp-json\/wp\/v2\/posts\/10454\/revisions\/10456"}],"wp:attachment":[{"href":"http:\/\/fegrama.cat\/web\/wp-json\/wp\/v2\/media?parent=10454"}],"wp:term":[{"taxonomy":"category","embeddable":true,"href":"http:\/\/fegrama.cat\/web\/wp-json\/wp\/v2\/categories?post=10454"},{"taxonomy":"post_tag","embeddable":true,"href":"http:\/\/fegrama.cat\/web\/wp-json\/wp\/v2\/tags?post=10454"}],"curies":[{"name":"wp","href":"https:\/\/api.w.org\/{rel}","templated":true}]}}