{"id":10450,"date":"2015-03-30T12:42:47","date_gmt":"2015-03-30T11:42:47","guid":{"rendered":"http:\/\/fegrama.cat\/web\/?p=10450"},"modified":"2015-03-30T12:42:47","modified_gmt":"2015-03-30T11:42:47","slug":"croniques-de-les-escoletes-28-i-29-de-marc","status":"publish","type":"post","link":"http:\/\/fegrama.cat\/web\/croniques-de-les-escoletes-28-i-29-de-marc\/","title":{"rendered":"Cr\u00f2niques de les Escoletes, 28 i 29 de Mar\u00e7"},"content":{"rendered":"<h1 itemprop=\"itemReviewed\" itemscope=\"\" itemtype=\"http:\/\/schema.org\/Thing\"><a style=\"font-size: 13px;\" href=\"http:\/\/fegrama.cat\/web\/wp-content\/uploads\/2014\/12\/ESCOLA-AFUNDACIO-GRAMA-SANTA-COLOMA1.jpg\"><img loading=\"lazy\" decoding=\"async\" class=\"aligncenter\" alt=\"ESCOLA AFUNDACIO GRAMA SANTA COLOMA\" src=\"http:\/\/fegrama.cat\/web\/wp-content\/uploads\/2014\/12\/ESCOLA-AFUNDACIO-GRAMA-SANTA-COLOMA1.jpg\" width=\"448\" height=\"336\" \/><\/a><\/h1>\n<h1 itemprop=\"itemReviewed\" itemscope=\"\" itemtype=\"http:\/\/schema.org\/Thing\"><span style=\"font-size: 13px;\">ESCOLA \u00abA\u00bb \u00a09-0 \u00a0CCD Tur\u00f3 de la Peira<\/span><\/h1>\n<div>\n<p>L&#8217;equip blau va ser molt superior al seu rival. Partit dominat de principi a fi per la Fundaci\u00f3 que va tenir moltes clares ocasions de gol. El rival era de la part de baix de la classificaci\u00f3 per\u00f2 van ser un digne rival.<\/p>\n<p>El equipo azul\u00f3n fue muy superior a su rival. Partido dominado de principio a fin por la Fundaci\u00f3 que tuvo muchas claras ocasiones de gol. El rival era de la parte de abajo de la clasificaci\u00f3n pero fueron un digno rival.<\/p>\n<p><a href=\"http:\/\/fegrama.cat\/web\/wp-content\/uploads\/2014\/12\/ESCOLA-BFUNDACIO-GRAMA-SANTA-COLOMA.jpg\"><img loading=\"lazy\" decoding=\"async\" class=\"aligncenter\" alt=\"ESCOLA BFUNDACIO GRAMA SANTA COLOMA\" src=\"http:\/\/fegrama.cat\/web\/wp-content\/uploads\/2014\/12\/ESCOLA-BFUNDACIO-GRAMA-SANTA-COLOMA.jpg\" width=\"448\" height=\"336\" \/><\/a><\/p>\n<p><strong>AE La Salut Pere Gol \u00abB\u00bb \u00a00-8 \u00a0ESCOLA \u201cB\u201d\u00a0<\/strong><\/p>\n<p>El partit jugat dissabte acabaria en una \u00e0mplia vict\u00f2ria de la Fundaci\u00f3 Esportiva Grama. Partit molt ben jugat pels dos equip donant una bona imatge. En acabar el partit l&#8217;entrenador de l&#8217;equip, Alejandro Rosas, va comentar el seg\u00fcent: \u00abEstic molt content amb els pares de l&#8217;Escola B per la seva assist\u00e8ncia en tot moment, molt bon grup aix\u00ed es treballa a gust. Gr\u00e0cies a tots.\u00bb<\/p>\n<p>El partido jugado el s\u00e1bado acabar\u00eda en una abultada victoria de la Fundaci\u00f3 Esportiva Grama. Partido muy bien jugado por los dos equipo dando una buena imagen. Al terminar el partido el entrenador del equipo, Alejandro Rosas, coment\u00f3 lo siguiente: \u00abEstoy muy contento con los padres de la Escuela B por su asistencia en todo momento, muy buen grupo as\u00ed se trabaja a gusto. Gracias a todos.\u00bb<\/p>\n<p><a href=\"http:\/\/fegrama.cat\/web\/wp-content\/uploads\/2014\/12\/ESCOLA-CFUNDACIO-GRAMA-SANTA-COLOMA.jpg\"><img loading=\"lazy\" decoding=\"async\" class=\"aligncenter\" alt=\"ESCOLA CFUNDACIO GRAMA SANTA COLOMA\" src=\"http:\/\/fegrama.cat\/web\/wp-content\/uploads\/2014\/12\/ESCOLA-CFUNDACIO-GRAMA-SANTA-COLOMA.jpg\" width=\"448\" height=\"336\" \/><\/a><\/p>\n<p><strong>TRAJANA \u00a03-0 \u00a0ESCOLA \u00abC\u00bb<\/strong><\/p>\n<p>Al Municipal del Bes\u00f2s l&#8217;Escola \u00abC\u00bb de la Fundaci\u00f3 Esportiva Grama, no va poder aconseguir cap punt en la seva visita a Sant Adri\u00e0.<\/p>\n<p>En el Municipal del Bes\u00f2s la Escuela \u201cC\u201d de la Fundaci\u00f3 Esportiva Grama, no pudo conseguir ning\u00fan punto en su visita a Sant Adri\u00e0.<\/p>\n<\/div>\n","protected":false},"excerpt":{"rendered":"<p>ESCOLA \u00abA\u00bb \u00a09-0 \u00a0CCD Tur\u00f3 de la Peira L&#8217;equip blau va ser molt superior al seu rival. Partit dominat de principi a fi per la Fundaci\u00f3 que va tenir moltes clares ocasions de gol. El rival era de la part de baix de la classificaci\u00f3 per\u00f2 van ser un digne rival. El equipo azul\u00f3n fue [&hellip;]<\/p>\n","protected":false},"author":1,"featured_media":0,"comment_status":"closed","ping_status":"closed","sticky":false,"template":"","format":"standard","meta":{"footnotes":""},"categories":[4,33],"tags":[],"class_list":["post-10450","post","type-post","status-publish","format-standard","hentry","category-base-inclusiu","category-escola-diari-feg"],"_links":{"self":[{"href":"http:\/\/fegrama.cat\/web\/wp-json\/wp\/v2\/posts\/10450","targetHints":{"allow":["GET"]}}],"collection":[{"href":"http:\/\/fegrama.cat\/web\/wp-json\/wp\/v2\/posts"}],"about":[{"href":"http:\/\/fegrama.cat\/web\/wp-json\/wp\/v2\/types\/post"}],"author":[{"embeddable":true,"href":"http:\/\/fegrama.cat\/web\/wp-json\/wp\/v2\/users\/1"}],"replies":[{"embeddable":true,"href":"http:\/\/fegrama.cat\/web\/wp-json\/wp\/v2\/comments?post=10450"}],"version-history":[{"count":1,"href":"http:\/\/fegrama.cat\/web\/wp-json\/wp\/v2\/posts\/10450\/revisions"}],"predecessor-version":[{"id":10451,"href":"http:\/\/fegrama.cat\/web\/wp-json\/wp\/v2\/posts\/10450\/revisions\/10451"}],"wp:attachment":[{"href":"http:\/\/fegrama.cat\/web\/wp-json\/wp\/v2\/media?parent=10450"}],"wp:term":[{"taxonomy":"category","embeddable":true,"href":"http:\/\/fegrama.cat\/web\/wp-json\/wp\/v2\/categories?post=10450"},{"taxonomy":"post_tag","embeddable":true,"href":"http:\/\/fegrama.cat\/web\/wp-json\/wp\/v2\/tags?post=10450"}],"curies":[{"name":"wp","href":"https:\/\/api.w.org\/{rel}","templated":true}]}}