{"id":10444,"date":"2015-03-30T11:57:37","date_gmt":"2015-03-30T10:57:37","guid":{"rendered":"http:\/\/fegrama.cat\/web\/?p=10444"},"modified":"2015-03-30T12:05:58","modified_gmt":"2015-03-30T11:05:58","slug":"partidas-sense-recompensa-de-lalevi-benjami","status":"publish","type":"post","link":"http:\/\/fegrama.cat\/web\/partidas-sense-recompensa-de-lalevi-benjami\/","title":{"rendered":"Partid\u00e0s sense recompensa de l&#8217;Alev\u00ed-Benjam\u00ed"},"content":{"rendered":"<p>Arribava l&#8217;\u00faltim partit davant les cinquenes classificades, i el nostre Alev\u00ed-Benjam\u00ed-Prebenjam\u00ed Femen\u00ed va acomiadar la temporada realitzant un gran partit i perdent per un ajustat 5-4 davant el Juventud 25 de Septiembre.<\/p>\n<p>Un partit trepidant, un fair play entre els dos equips impressionant \u00e9s el que vam viure diumenge. Molt bon joc de toc dels dos equips, amb ocasions per a tots dos costats; sens dubte un partit molt bonic per a l&#8217;espectador per la gran qualitat de joc i circulaci\u00f3 de la pilota.<\/p>\n<p>Les nostres noies van lluitar fins a l&#8217;\u00faltim minut per\u00f2 malauradament no van poder sumar cap punt ni sumar tres punts per pujar una posici\u00f3 m\u00e9s. Sens dubte el m\u00e9s important \u00e9s la gran evoluci\u00f3 tant en el joc de l&#8217;equip com a la taula classificaci\u00f3.<\/p>\n<p>Partit de tu a tu, en el minut 5 s&#8217;avan\u00e7aven les locals per\u00f2 Carla Conde i M\u00f2nica Mart\u00ednez li donaven la volta a l&#8217;electr\u00f2nic. Les locals aconseguirien empatar per\u00f2 Sara Aljaro tornaria a donar avantatge a la Fundaci\u00f3; de nou empataria l&#8217;equip barcelon\u00ed per\u00f2 Carla Conde empataria, i per desgr\u00e0cia les locals acabarien remuntant.<\/p>\n<p><a href=\"http:\/\/fegrama.cat\/web\/wp-content\/uploads\/2015\/03\/alevbenj300315.jpg\"><img loading=\"lazy\" decoding=\"async\" class=\"aligncenter size-full wp-image-10445\" alt=\"alevbenj300315\" src=\"http:\/\/fegrama.cat\/web\/wp-content\/uploads\/2015\/03\/alevbenj300315.jpg\" width=\"996\" height=\"598\" \/><\/a><\/p>\n<p>Llegaba el \u00faltimo partido ante las quintas clasificadas, y nuestro Alev\u00edn-Benjam\u00edn-Prebenjam\u00edn Femenino despidi\u00f3 la temporada realizando un partidazo y perdiendo por un ajustado 5-4 ante el Juventud 25 de Septiembre.<\/p>\n<p>Un partido trepidante, un fair play entre ambos equipos impresionante es lo que vivimos el domingo. Muy buen juego de toque de ambos equipos, con ocasiones para ambos lados; sin duda un partido muy bonito para el espectador por la gran calidad de juego y circulaci\u00f3n del bal\u00f3n.<\/p>\n<p>Nuestras chicas lucharon hasta el \u00faltimo minuto pero desgraciadamente no pudieron sumar ning\u00fan punto ni sumar tres puntos para subir una posici\u00f3n m\u00e1s. Sin duda lo m\u00e1s importante es la gran evoluci\u00f3n tanto en el juego del equipo como en la tabla clasificaci\u00f3n.<\/p>\n<p>Partido de t\u00fa a t\u00fa, en el minuto 5 se adelantaban las locales pero Carla Conde y M\u00f3nica Mart\u00ednez le daban la vuelta al electr\u00f3nico. Las locales conseguir\u00edan empatar pero Sara Aljaro volver\u00eda a dar ventaja a la Fundaci\u00f3; de nuevo empatar\u00eda el equipo barcelon\u00e9s pero Carla Conde empatar\u00eda, por desgracia las locales acabar\u00edan remontando.<\/p>\n","protected":false},"excerpt":{"rendered":"<p>Arribava l&#8217;\u00faltim partit davant les cinquenes classificades, i el nostre Alev\u00ed-Benjam\u00ed-Prebenjam\u00ed Femen\u00ed va acomiadar la temporada realitzant un gran partit i perdent per un ajustat 5-4 davant el Juventud 25 de Septiembre. Un partit trepidant, un fair play entre els dos equips impressionant \u00e9s el que vam viure diumenge. Molt bon joc de toc dels [&hellip;]<\/p>\n","protected":false},"author":1,"featured_media":0,"comment_status":"closed","ping_status":"closed","sticky":false,"template":"","format":"standard","meta":{"footnotes":""},"categories":[4,13],"tags":[],"class_list":["post-10444","post","type-post","status-publish","format-standard","hentry","category-base-inclusiu","category-femeni"],"_links":{"self":[{"href":"http:\/\/fegrama.cat\/web\/wp-json\/wp\/v2\/posts\/10444","targetHints":{"allow":["GET"]}}],"collection":[{"href":"http:\/\/fegrama.cat\/web\/wp-json\/wp\/v2\/posts"}],"about":[{"href":"http:\/\/fegrama.cat\/web\/wp-json\/wp\/v2\/types\/post"}],"author":[{"embeddable":true,"href":"http:\/\/fegrama.cat\/web\/wp-json\/wp\/v2\/users\/1"}],"replies":[{"embeddable":true,"href":"http:\/\/fegrama.cat\/web\/wp-json\/wp\/v2\/comments?post=10444"}],"version-history":[{"count":1,"href":"http:\/\/fegrama.cat\/web\/wp-json\/wp\/v2\/posts\/10444\/revisions"}],"predecessor-version":[{"id":10446,"href":"http:\/\/fegrama.cat\/web\/wp-json\/wp\/v2\/posts\/10444\/revisions\/10446"}],"wp:attachment":[{"href":"http:\/\/fegrama.cat\/web\/wp-json\/wp\/v2\/media?parent=10444"}],"wp:term":[{"taxonomy":"category","embeddable":true,"href":"http:\/\/fegrama.cat\/web\/wp-json\/wp\/v2\/categories?post=10444"},{"taxonomy":"post_tag","embeddable":true,"href":"http:\/\/fegrama.cat\/web\/wp-json\/wp\/v2\/tags?post=10444"}],"curies":[{"name":"wp","href":"https:\/\/api.w.org\/{rel}","templated":true}]}}