{"id":10295,"date":"2015-03-23T17:30:36","date_gmt":"2015-03-23T16:30:36","guid":{"rendered":"http:\/\/fegrama.cat\/web\/?p=10295"},"modified":"2015-03-23T17:43:28","modified_gmt":"2015-03-23T16:43:28","slug":"lalevi-d-va-golejar-al-nou-taxonera","status":"publish","type":"post","link":"http:\/\/fegrama.cat\/web\/lalevi-d-va-golejar-al-nou-taxonera\/","title":{"rendered":"L&#8217;Alev\u00ed \u00abD\u00bb va golejar al Nou Taxonera"},"content":{"rendered":"<p>Vict\u00f2ria complicada la de l&#8217;Alev\u00ed \u00abD\u00bb de la Fundaci\u00f3 Esportiva Grama contra un gran Premier Barcelona. Al Municipal Nou Taxonera el marcador final va ser de 2-5 per als colomencs.<\/p>\n<p>Als de Santa Coloma els va costar arrencar en els primers minuts fins que a poc a poc van anar arribant els gols. Alex Camps, Adri\u00e1n Guti\u00e9rrez en dues ocasions i Joao Fernando posaven a falta de deu minuts per al final un 0-4. Els locals van retallar dist\u00e0ncies amb un gol en pr\u00f2pia porta per\u00f2 de res serviria doncs Adri\u00e1n Guti\u00e9rrez anotaria el seu &#8216;hat-trick&#8217;.<\/p>\n<p>En els \u00faltims segons arribaria el definitiu 2-5. La FEGrama segueix segona a nom\u00e9s tres punts del l\u00edder.<\/p>\n<p><a href=\"http:\/\/fegrama.cat\/web\/wp-content\/uploads\/2014\/12\/ALEV\u00cd-DFUNDACIO-GRAMA-SANTA-COLOMA.jpg\"><img loading=\"lazy\" decoding=\"async\" class=\"aligncenter size-full wp-image-8435\" alt=\"ALEV\u00cd DFUNDACIO GRAMA SANTA COLOMA\" src=\"http:\/\/fegrama.cat\/web\/wp-content\/uploads\/2014\/12\/ALEV\u00cd-DFUNDACIO-GRAMA-SANTA-COLOMA.jpg\" width=\"640\" height=\"480\" srcset=\"http:\/\/fegrama.cat\/web\/wp-content\/uploads\/2014\/12\/ALEV\u00cd-DFUNDACIO-GRAMA-SANTA-COLOMA.jpg 640w, http:\/\/fegrama.cat\/web\/wp-content\/uploads\/2014\/12\/ALEV\u00cd-DFUNDACIO-GRAMA-SANTA-COLOMA-300x225.jpg 300w\" sizes=\"auto, (max-width: 640px) 100vw, 640px\" \/><\/a><\/p>\n<p>Victoria complicada la del Alev\u00edn \u00abD\u00bb de la Fundaci\u00f3 Esportiva Grama contra un gran Premier Barcelona. En el Municipal Nou Taxonera el marcador final fue de 2-5 para los colomenses.<\/p>\n<p>A los de Santa Coloma les cost\u00f3 arrancar en los primeros minutos hasta que poco a poco fueron llegando los goles. Alex Campos, Adri\u00e1n Guti\u00e9rrez en dos ocasiones y Joao Fernando pon\u00edan a falta de diez minutos para el final un 0-4. Los locales recortaron distancias con un gol en propia puerta pero de nada servir\u00eda pues Adri\u00e1n Guti\u00e9rrez anotar\u00eda su &#8216;hat-trick&#8217;.<\/p>\n<p>En los \u00faltimos segundos llegar\u00eda el definitivo 2-5. La FEGrama sigue segunda a solo tres puntos del l\u00edder.<\/p>\n","protected":false},"excerpt":{"rendered":"<p>Vict\u00f2ria complicada la de l&#8217;Alev\u00ed \u00abD\u00bb de la Fundaci\u00f3 Esportiva Grama contra un gran Premier Barcelona. Al Municipal Nou Taxonera el marcador final va ser de 2-5 per als colomencs. Als de Santa Coloma els va costar arrencar en els primers minuts fins que a poc a poc van anar arribant els gols. Alex Camps, [&hellip;]<\/p>\n","protected":false},"author":1,"featured_media":8435,"comment_status":"closed","ping_status":"closed","sticky":false,"template":"","format":"standard","meta":{"footnotes":""},"categories":[10,4],"tags":[],"class_list":["post-10295","post","type-post","status-publish","format-standard","has-post-thumbnail","hentry","category-alevins","category-base-inclusiu"],"_links":{"self":[{"href":"http:\/\/fegrama.cat\/web\/wp-json\/wp\/v2\/posts\/10295","targetHints":{"allow":["GET"]}}],"collection":[{"href":"http:\/\/fegrama.cat\/web\/wp-json\/wp\/v2\/posts"}],"about":[{"href":"http:\/\/fegrama.cat\/web\/wp-json\/wp\/v2\/types\/post"}],"author":[{"embeddable":true,"href":"http:\/\/fegrama.cat\/web\/wp-json\/wp\/v2\/users\/1"}],"replies":[{"embeddable":true,"href":"http:\/\/fegrama.cat\/web\/wp-json\/wp\/v2\/comments?post=10295"}],"version-history":[{"count":1,"href":"http:\/\/fegrama.cat\/web\/wp-json\/wp\/v2\/posts\/10295\/revisions"}],"predecessor-version":[{"id":10297,"href":"http:\/\/fegrama.cat\/web\/wp-json\/wp\/v2\/posts\/10295\/revisions\/10297"}],"wp:featuredmedia":[{"embeddable":true,"href":"http:\/\/fegrama.cat\/web\/wp-json\/wp\/v2\/media\/8435"}],"wp:attachment":[{"href":"http:\/\/fegrama.cat\/web\/wp-json\/wp\/v2\/media?parent=10295"}],"wp:term":[{"taxonomy":"category","embeddable":true,"href":"http:\/\/fegrama.cat\/web\/wp-json\/wp\/v2\/categories?post=10295"},{"taxonomy":"post_tag","embeddable":true,"href":"http:\/\/fegrama.cat\/web\/wp-json\/wp\/v2\/tags?post=10295"}],"curies":[{"name":"wp","href":"https:\/\/api.w.org\/{rel}","templated":true}]}}